{"id":5837,"date":"2010-11-20T22:20:13","date_gmt":"2010-11-20T22:20:13","guid":{"rendered":"https:\/\/www.acasinhadamatematica.pt\/?p=5837"},"modified":"2022-01-21T18:25:16","modified_gmt":"2022-01-21T18:25:16","slug":"escreva-uma-condicao-que-caracterize-o-dominio-plano","status":"publish","type":"post","link":"https:\/\/www.acasinhadamatematica.pt\/?p=5837","title":{"rendered":"Escreva uma condi\u00e7\u00e3o que caracterize o dom\u00ednio plano"},"content":{"rendered":"<p><ul id='GTTabs_ul_5837' class='GTTabs' style='display:none'>\n<li id='GTTabs_li_0_5837' class='GTTabs_curr'><a  id=\"5837_0\" onMouseOver=\"GTTabsShowLinks('Enunciado'); return true;\"  onMouseOut=\"GTTabsShowLinks();\"  class='GTTabsLinks'>Enunciado<\/a><\/li>\n<li id='GTTabs_li_1_5837' ><a  id=\"5837_1\" onMouseOver=\"GTTabsShowLinks('Resolu\u00e7\u00e3o'); return true;\"  onMouseOut=\"GTTabsShowLinks();\"  class='GTTabsLinks'>Resolu\u00e7\u00e3o<\/a><\/li>\n<\/ul>\n\n<div class='GTTabs_divs GTTabs_curr_div' id='GTTabs_0_5837'>\n<span class='GTTabs_titles'><b>Enunciado<\/b><\/span><\/p>\n<p>Escreva uma condi\u00e7\u00e3o que caracterize cada um dos dom\u00ednios planos coloridos:<\/p>\n<p><a href=\"https:\/\/www.acasinhadamatematica.pt\/wp-content\/uploads\/2010\/11\/pag182-32.jpg\"><img loading=\"lazy\" decoding=\"async\" data-attachment-id=\"5838\" data-permalink=\"https:\/\/www.acasinhadamatematica.pt\/?attachment_id=5838\" data-orig-file=\"https:\/\/www.acasinhadamatematica.pt\/wp-content\/uploads\/2010\/11\/pag182-32.jpg\" data-orig-size=\"604,447\" data-comments-opened=\"1\" data-image-meta=\"{&quot;aperture&quot;:&quot;0&quot;,&quot;credit&quot;:&quot;&quot;,&quot;camera&quot;:&quot;HP pstc4380&quot;,&quot;caption&quot;:&quot;&quot;,&quot;created_timestamp&quot;:&quot;0&quot;,&quot;copyright&quot;:&quot;&quot;,&quot;focal_length&quot;:&quot;0&quot;,&quot;iso&quot;:&quot;0&quot;,&quot;shutter_speed&quot;:&quot;0&quot;,&quot;title&quot;:&quot;&quot;}\" data-image-title=\"pag182-32\" data-image-description=\"\" data-image-caption=\"\" data-large-file=\"https:\/\/www.acasinhadamatematica.pt\/wp-content\/uploads\/2010\/11\/pag182-32.jpg\" class=\"aligncenter wp-image-5838 size-full\" src=\"https:\/\/www.acasinhadamatematica.pt\/wp-content\/uploads\/2010\/11\/pag182-32.jpg\" alt=\"\" width=\"604\" height=\"447\" srcset=\"https:\/\/www.acasinhadamatematica.pt\/wp-content\/uploads\/2010\/11\/pag182-32.jpg 604w, https:\/\/www.acasinhadamatematica.pt\/wp-content\/uploads\/2010\/11\/pag182-32-300x222.jpg 300w, https:\/\/www.acasinhadamatematica.pt\/wp-content\/uploads\/2010\/11\/pag182-32-150x111.jpg 150w, https:\/\/www.acasinhadamatematica.pt\/wp-content\/uploads\/2010\/11\/pag182-32-400x296.jpg 400w\" sizes=\"auto, (max-width: 604px) 100vw, 604px\" \/><\/a><\/p>\n<p><div class='GTTabsNavigation' style='display:none'><span class='GTTabs_nav_next'><a href='#GTTabs_ul_5837' onClick='GTTabs_show(1,5837)'>Resolu\u00e7\u00e3o &gt;&gt;<\/a><\/span><\/div><\/div>\n\n<div class='GTTabs_divs' id='GTTabs_1_5837'>\n<span class='GTTabs_titles'><b>Resolu\u00e7\u00e3o<\/b><\/span><!--more--><\/p>\n<ol>\n<li><a href=\"https:\/\/www.acasinhadamatematica.pt\/wp-content\/uploads\/2010\/11\/pag182-32-1.jpg\"><img loading=\"lazy\" decoding=\"async\" data-attachment-id=\"5841\" data-permalink=\"https:\/\/www.acasinhadamatematica.pt\/?attachment_id=5841\" data-orig-file=\"https:\/\/www.acasinhadamatematica.pt\/wp-content\/uploads\/2010\/11\/pag182-32-1.jpg\" data-orig-size=\"245,216\" data-comments-opened=\"1\" data-image-meta=\"{&quot;aperture&quot;:&quot;0&quot;,&quot;credit&quot;:&quot;&quot;,&quot;camera&quot;:&quot;HP pstc4380&quot;,&quot;caption&quot;:&quot;&quot;,&quot;created_timestamp&quot;:&quot;0&quot;,&quot;copyright&quot;:&quot;&quot;,&quot;focal_length&quot;:&quot;0&quot;,&quot;iso&quot;:&quot;0&quot;,&quot;shutter_speed&quot;:&quot;0&quot;,&quot;title&quot;:&quot;&quot;}\" data-image-title=\"Don\u00ednio 1\" data-image-description=\"\" data-image-caption=\"\" data-large-file=\"https:\/\/www.acasinhadamatematica.pt\/wp-content\/uploads\/2010\/11\/pag182-32-1.jpg\" class=\"alignright wp-image-5841 size-full\" title=\"Don\u00ednio 1\" src=\"https:\/\/www.acasinhadamatematica.pt\/wp-content\/uploads\/2010\/11\/pag182-32-1.jpg\" alt=\"\" width=\"245\" height=\"216\" srcset=\"https:\/\/www.acasinhadamatematica.pt\/wp-content\/uploads\/2010\/11\/pag182-32-1.jpg 245w, https:\/\/www.acasinhadamatematica.pt\/wp-content\/uploads\/2010\/11\/pag182-32-1-150x132.jpg 150w\" sizes=\"auto, (max-width: 245px) 100vw, 245px\" \/><\/a>As equa\u00e7\u00f5es das retas que cont\u00eam os lados do tri\u00e2ngulo s\u00e3o:\n<p>&#8211; reta horizontal: $y=2$<\/p>\n<p>&#8211; reta vertical: $x=5$<\/p>\n<p>&#8211; reta obl\u00edqua:<\/p>\n<p>A reta cont\u00e9m os pontos $A(-2,2)$ e $B(5,5)$. Logo, o declive da reta \u00e9 ${{m}_{AB}}=\\frac{5-2}{5+2}=\\frac{3}{7}$, sendo a sua equa\u00e7\u00e3o reduzida da forma $y=\\frac{3}{7}x+b$.<br \/>\nDado que o ponto A pertence a esta reta, as suas coordenadas t\u00eam de verificar a equa\u00e7\u00e3o anterior. Como $2=\\frac{3}{7}\\times (-2)+b\\Leftrightarrow b=\\frac{20}{7}$, ent\u00e3o a equa\u00e7\u00e3o reduzida da reta \u00e9 $y=\\frac{3}{7}x+\\frac{20}{7}$.<\/p>\n<p>Assim, o dom\u00ednio plano colorido pode ser caracterizado pela condi\u00e7\u00e3o: \\[\\begin{matrix}<br \/>\nx\\le 5 &amp; \\wedge\u00a0 &amp; y\\ge 2 &amp; \\wedge\u00a0 &amp; y\\le \\frac{3}{7}x+\\frac{20}{7}\u00a0 \\\\<br \/>\n\\end{matrix}\\]<br \/>\n\u00ad<\/p>\n<\/li>\n<li><a href=\"https:\/\/www.acasinhadamatematica.pt\/wp-content\/uploads\/2010\/11\/pag182-32-2.jpg\"><img loading=\"lazy\" decoding=\"async\" data-attachment-id=\"5846\" data-permalink=\"https:\/\/www.acasinhadamatematica.pt\/?attachment_id=5846\" data-orig-file=\"https:\/\/www.acasinhadamatematica.pt\/wp-content\/uploads\/2010\/11\/pag182-32-2.jpg\" data-orig-size=\"245,216\" data-comments-opened=\"1\" data-image-meta=\"{&quot;aperture&quot;:&quot;0&quot;,&quot;credit&quot;:&quot;&quot;,&quot;camera&quot;:&quot;HP pstc4380&quot;,&quot;caption&quot;:&quot;&quot;,&quot;created_timestamp&quot;:&quot;0&quot;,&quot;copyright&quot;:&quot;&quot;,&quot;focal_length&quot;:&quot;0&quot;,&quot;iso&quot;:&quot;0&quot;,&quot;shutter_speed&quot;:&quot;0&quot;,&quot;title&quot;:&quot;&quot;}\" data-image-title=\"Dom\u00ednio 2\" data-image-description=\"\" data-image-caption=\"\" data-large-file=\"https:\/\/www.acasinhadamatematica.pt\/wp-content\/uploads\/2010\/11\/pag182-32-2.jpg\" class=\"alignright wp-image-5846 size-full\" title=\"Dom\u00ednio 2\" src=\"https:\/\/www.acasinhadamatematica.pt\/wp-content\/uploads\/2010\/11\/pag182-32-2.jpg\" alt=\"\" width=\"245\" height=\"216\" srcset=\"https:\/\/www.acasinhadamatematica.pt\/wp-content\/uploads\/2010\/11\/pag182-32-2.jpg 245w, https:\/\/www.acasinhadamatematica.pt\/wp-content\/uploads\/2010\/11\/pag182-32-2-150x132.jpg 150w\" sizes=\"auto, (max-width: 245px) 100vw, 245px\" \/><\/a>A reta cont\u00e9m os pontos $A(2,0)$ e $B(0,2)$.<br \/>\nLogo, a equa\u00e7\u00e3o reduzida desta reta \u00e9 $y=-x+2$. (Porqu\u00ea?)<\/p>\n<p>A circunfer\u00eancia tem centro na origem e raio 2 unidades.<br \/>\nLogo, a circunfer\u00eancia pode ser definida por: ${{x}^{2}}+{{y}^{2}}=4$<\/p>\n<p>Assim, o dom\u00ednio plano colorido pode ser\u00a0caracterizado pela condi\u00e7\u00e3o:<\/p>\n<p>$$\\begin{matrix}<br \/>\n{{x}^{2}}+{{y}^{2}}\\le 4 &amp; \\wedge\u00a0 &amp; y\\ge -x+2\u00a0 \\\\<br \/>\n\\end{matrix}$$<br \/>\n\u00ad<\/p>\n<\/li>\n<li><a href=\"https:\/\/www.acasinhadamatematica.pt\/wp-content\/uploads\/2010\/11\/pag182-32-3.jpg\"><img loading=\"lazy\" decoding=\"async\" data-attachment-id=\"5850\" data-permalink=\"https:\/\/www.acasinhadamatematica.pt\/?attachment_id=5850\" data-orig-file=\"https:\/\/www.acasinhadamatematica.pt\/wp-content\/uploads\/2010\/11\/pag182-32-3.jpg\" data-orig-size=\"245,216\" data-comments-opened=\"1\" data-image-meta=\"{&quot;aperture&quot;:&quot;0&quot;,&quot;credit&quot;:&quot;&quot;,&quot;camera&quot;:&quot;HP pstc4380&quot;,&quot;caption&quot;:&quot;&quot;,&quot;created_timestamp&quot;:&quot;0&quot;,&quot;copyright&quot;:&quot;&quot;,&quot;focal_length&quot;:&quot;0&quot;,&quot;iso&quot;:&quot;0&quot;,&quot;shutter_speed&quot;:&quot;0&quot;,&quot;title&quot;:&quot;&quot;}\" data-image-title=\"Dom\u00ednio 3\" data-image-description=\"\" data-image-caption=\"\" data-large-file=\"https:\/\/www.acasinhadamatematica.pt\/wp-content\/uploads\/2010\/11\/pag182-32-3.jpg\" class=\"alignright wp-image-5850 size-full\" title=\"Dom\u00ednio 3\" src=\"https:\/\/www.acasinhadamatematica.pt\/wp-content\/uploads\/2010\/11\/pag182-32-3.jpg\" alt=\"\" width=\"245\" height=\"216\" srcset=\"https:\/\/www.acasinhadamatematica.pt\/wp-content\/uploads\/2010\/11\/pag182-32-3.jpg 245w, https:\/\/www.acasinhadamatematica.pt\/wp-content\/uploads\/2010\/11\/pag182-32-3-150x132.jpg 150w\" sizes=\"auto, (max-width: 245px) 100vw, 245px\" \/><\/a>A circunfer\u00eancia tem centro na origem do referencial e tem raio 3 unidades.<br \/>\nLogo, a circunfer\u00eancia pode ser definida por: ${{x}^{2}}+{{y}^{2}}=9$.<\/p>\n<p>A reta de declive positivo cont\u00e9m os pontos $A(-3,0)$ e $B(0,3)$.<br \/>\nLogo, a equa\u00e7\u00e3o reduzida desta reta \u00e9 $y=x+3$.<\/p>\n<p>A outra reta, perpendicular \u00e0 reta anterior, passa na origem do referencial.<br \/>\nLogo, o seu declive \u00e9 sim\u00e9trico e inverso do da reta anterior e a ordenada na origem \u00e9 zero. Por isso, a sua equa\u00e7\u00e3o reduzida \u00e9 $y=-x$.<\/p>\n<p>Assim, o dom\u00ednio plano colorido pode ser\u00a0caracterizado pela condi\u00e7\u00e3o:<\/p>\n<p>$$\\begin{matrix}<br \/>\n{{x}^{2}}+{{y}^{2}}\\le 9 &amp; \\wedge\u00a0 &amp; y\\le x+3 &amp; \\wedge\u00a0 &amp; y\\le -x\u00a0 \\\\<br \/>\n\\end{matrix}$$<br \/>\n\u00ad<\/p>\n<\/li>\n<li><a href=\"https:\/\/www.acasinhadamatematica.pt\/wp-content\/uploads\/2010\/11\/pag182-32-4.jpg\"><img loading=\"lazy\" decoding=\"async\" data-attachment-id=\"5854\" data-permalink=\"https:\/\/www.acasinhadamatematica.pt\/?attachment_id=5854\" data-orig-file=\"https:\/\/www.acasinhadamatematica.pt\/wp-content\/uploads\/2010\/11\/pag182-32-4.jpg\" data-orig-size=\"245,216\" data-comments-opened=\"1\" data-image-meta=\"{&quot;aperture&quot;:&quot;0&quot;,&quot;credit&quot;:&quot;&quot;,&quot;camera&quot;:&quot;HP pstc4380&quot;,&quot;caption&quot;:&quot;&quot;,&quot;created_timestamp&quot;:&quot;0&quot;,&quot;copyright&quot;:&quot;&quot;,&quot;focal_length&quot;:&quot;0&quot;,&quot;iso&quot;:&quot;0&quot;,&quot;shutter_speed&quot;:&quot;0&quot;,&quot;title&quot;:&quot;&quot;}\" data-image-title=\"Dom\u00ednio 4\" data-image-description=\"\" data-image-caption=\"\" data-large-file=\"https:\/\/www.acasinhadamatematica.pt\/wp-content\/uploads\/2010\/11\/pag182-32-4.jpg\" class=\"alignright wp-image-5854 size-full\" title=\"Dom\u00ednio 4\" src=\"https:\/\/www.acasinhadamatematica.pt\/wp-content\/uploads\/2010\/11\/pag182-32-4.jpg\" alt=\"\" width=\"245\" height=\"216\" srcset=\"https:\/\/www.acasinhadamatematica.pt\/wp-content\/uploads\/2010\/11\/pag182-32-4.jpg 245w, https:\/\/www.acasinhadamatematica.pt\/wp-content\/uploads\/2010\/11\/pag182-32-4-150x132.jpg 150w\" sizes=\"auto, (max-width: 245px) 100vw, 245px\" \/><\/a>A reta de declive positivo e ordenada na origem positiva, cont\u00e9m os pontos $A(0,2)$ e $B(2,4)$.<br \/>\nLogo, a sua equa\u00e7\u00e3o reduzida \u00e9 $y=x+2$.<\/p>\n<p>A reta de declive positivo e ordenada na origem negativa, paralela \u00e0 anterior, tem equa\u00e7\u00e3o reduzida $y=x-2$.<\/p>\n<p>As outras duas retas s\u00e3o perpendiculares \u00e0s anteriores, sendo as suas equa\u00e7\u00f5es reduzidas $y=-x+2$ e $y=-x+6$.<\/p>\n<p>A circunfer\u00eancia tem centro no ponto $C(2,2)$ e raio $r=\\frac{\\overline{AB}}{2}=\\frac{\\sqrt{{{(2-0)}^{2}}+{{(4-2)}^{2}}}}{2}=\\sqrt{2}$.<br \/>\nLogo, a circunfer\u00eancia pode ser definida por: ${{(x-2)}^{2}}+{{(y-2)}^{2}}=2$.<\/p>\n<p>Assim, o dom\u00ednio plano colorido pode ser\u00a0caracterizado pela condi\u00e7\u00e3o: \\[\\begin{matrix}<br \/>\n{{(x-2)}^{2}}+{{(y-2)}^{2}}\\ge 2 &amp; \\wedge\u00a0 &amp; \\left( \\begin{matrix}<br \/>\ny\\le x+2 &amp; \\wedge\u00a0 &amp; y\\ge x-2 &amp; \\wedge\u00a0 &amp; y\\ge -x+2 &amp; \\wedge\u00a0 &amp; y\\le -x+6\u00a0 \\\\<br \/>\n\\end{matrix} \\right)\u00a0 \\\\<br \/>\n\\end{matrix}\\]<\/p>\n<\/li>\n<\/ol>\n<div class='GTTabsNavigation' style='display:none'><span class='GTTabs_nav_prev'><a href='#GTTabs_ul_5837' onClick='GTTabs_show(0,5837)'>&lt;&lt; Enunciado<\/a><\/span><\/div><\/div>\n\n","protected":false},"excerpt":{"rendered":"<p>Enunciado Resolu\u00e7\u00e3o Enunciado Escreva uma condi\u00e7\u00e3o que caracterize cada um dos dom\u00ednios planos coloridos: Resolu\u00e7\u00e3o &gt;&gt; Resolu\u00e7\u00e3o &lt;&lt; Enunciado<\/p>\n","protected":false},"author":1,"featured_media":20827,"comment_status":"open","ping_status":"open","sticky":false,"template":"","format":"standard","meta":{"_jetpack_memberships_contains_paid_content":false,"footnotes":""},"categories":[98,97,110],"tags":[422,116,67],"series":[],"class_list":["post-5837","post","type-post","status-publish","format-standard","has-post-thumbnail","hentry","category-11--ano","category-aplicando","category-geometria-analitica","tag-11-o-ano","tag-dominio-plano","tag-geometria"],"views":7776,"jetpack_featured_media_url":"https:\/\/www.acasinhadamatematica.pt\/wp-content\/uploads\/2010\/11\/11V1Pag182-32_520x245.png","jetpack_sharing_enabled":true,"jetpack_likes_enabled":true,"_links":{"self":[{"href":"https:\/\/www.acasinhadamatematica.pt\/index.php?rest_route=\/wp\/v2\/posts\/5837","targetHints":{"allow":["GET"]}}],"collection":[{"href":"https:\/\/www.acasinhadamatematica.pt\/index.php?rest_route=\/wp\/v2\/posts"}],"about":[{"href":"https:\/\/www.acasinhadamatematica.pt\/index.php?rest_route=\/wp\/v2\/types\/post"}],"author":[{"embeddable":true,"href":"https:\/\/www.acasinhadamatematica.pt\/index.php?rest_route=\/wp\/v2\/users\/1"}],"replies":[{"embeddable":true,"href":"https:\/\/www.acasinhadamatematica.pt\/index.php?rest_route=%2Fwp%2Fv2%2Fcomments&post=5837"}],"version-history":[{"count":0,"href":"https:\/\/www.acasinhadamatematica.pt\/index.php?rest_route=\/wp\/v2\/posts\/5837\/revisions"}],"wp:featuredmedia":[{"embeddable":true,"href":"https:\/\/www.acasinhadamatematica.pt\/index.php?rest_route=\/wp\/v2\/media\/20827"}],"wp:attachment":[{"href":"https:\/\/www.acasinhadamatematica.pt\/index.php?rest_route=%2Fwp%2Fv2%2Fmedia&parent=5837"}],"wp:term":[{"taxonomy":"category","embeddable":true,"href":"https:\/\/www.acasinhadamatematica.pt\/index.php?rest_route=%2Fwp%2Fv2%2Fcategories&post=5837"},{"taxonomy":"post_tag","embeddable":true,"href":"https:\/\/www.acasinhadamatematica.pt\/index.php?rest_route=%2Fwp%2Fv2%2Ftags&post=5837"},{"taxonomy":"series","embeddable":true,"href":"https:\/\/www.acasinhadamatematica.pt\/index.php?rest_route=%2Fwp%2Fv2%2Fseries&post=5837"}],"curies":[{"name":"wp","href":"https:\/\/api.w.org\/{rel}","templated":true}]}}