{"id":21841,"date":"2022-09-20T21:25:33","date_gmt":"2022-09-20T20:25:33","guid":{"rendered":"https:\/\/www.acasinhadamatematica.pt\/?p=21841"},"modified":"2022-09-20T22:32:25","modified_gmt":"2022-09-20T21:32:25","slug":"isto-e-matematica","status":"publish","type":"post","link":"https:\/\/www.acasinhadamatematica.pt\/?p=21841","title":{"rendered":"Isto \u00e9 Matem\u00e1tica"},"content":{"rendered":"<p><a href=\"https:\/\/www.acasinhadamatematica.pt\/wp-content\/uploads\/2014\/01\/IEMs.png\"><img loading=\"lazy\" decoding=\"async\" data-attachment-id=\"11707\" data-permalink=\"https:\/\/www.acasinhadamatematica.pt\/?attachment_id=11707\" data-orig-file=\"https:\/\/www.acasinhadamatematica.pt\/wp-content\/uploads\/2014\/01\/IEMs.png\" data-orig-size=\"400,400\" data-comments-opened=\"1\" data-image-meta=\"{&quot;aperture&quot;:&quot;0&quot;,&quot;credit&quot;:&quot;&quot;,&quot;camera&quot;:&quot;&quot;,&quot;caption&quot;:&quot;&quot;,&quot;created_timestamp&quot;:&quot;0&quot;,&quot;copyright&quot;:&quot;&quot;,&quot;focal_length&quot;:&quot;0&quot;,&quot;iso&quot;:&quot;0&quot;,&quot;shutter_speed&quot;:&quot;0&quot;,&quot;title&quot;:&quot;&quot;}\" data-image-title=\"IEMs\" data-image-description=\"\" data-image-caption=\"\" data-large-file=\"https:\/\/www.acasinhadamatematica.pt\/wp-content\/uploads\/2014\/01\/IEMs.png\" class=\"alignleft  wp-image-11707\" src=\"https:\/\/www.acasinhadamatematica.pt\/wp-content\/uploads\/2014\/01\/IEMs.png\" alt=\"IEMs\" width=\"154\" height=\"154\" srcset=\"https:\/\/www.acasinhadamatematica.pt\/wp-content\/uploads\/2014\/01\/IEMs.png 400w, https:\/\/www.acasinhadamatematica.pt\/wp-content\/uploads\/2014\/01\/IEMs-150x150.png 150w, https:\/\/www.acasinhadamatematica.pt\/wp-content\/uploads\/2014\/01\/IEMs-300x300.png 300w\" sizes=\"auto, (max-width: 154px) 100vw, 154px\" \/><\/a><\/p>\n<p>O &#8220;<a href=\"https:\/\/pt-pt.facebook.com\/istoematematica\" target=\"_blank\" rel=\"noopener\">Isto \u00e9 Matem\u00e1tica<\/a>&#8221; pretende de uma forma simples e realista apresentar a forma como a Matem\u00e1tica nos rodeia em grande parte da nossa vida.<\/p>\n<p>Promovido pela <a href=\"http:\/\/www.spm.pt\/\" target=\"_blank\" rel=\"noopener\">Sociedade Portuguesa de Matem\u00e1tica<\/a>, apresentado por <a href=\"https:\/\/sites.google.com\/site\/rogerimartins\/\" target=\"_blank\" rel=\"noopener\">Rog\u00e9rio Martins<\/a>, Matem\u00e1tico e Professor Universit\u00e1rio, Dire\u00e7\u00e3o Criativa de <a href=\"http:\/\/www.tiagocaetano.com\/\" target=\"_blank\" rel=\"noopener\">Tiago DaCunha Caetano<\/a> e com Produ\u00e7\u00e3o e Realiza\u00e7\u00e3o de <a href=\"http:\/\/sigma3.pt\/\" target=\"_blank\" rel=\"noopener\">Sigma 3<\/a>, o programa &#8220;Isto \u00e9 Matem\u00e1tica&#8221; \u00e9 emitido pelo canal cabo <a href=\"http:\/\/sicnoticias.sapo.pt\/\" target=\"_blank\" rel=\"noopener\">SIC Not\u00edcias<\/a>.<\/p>\n<p>O Programa teve a sua estreia no dia 13 de Outubro de 2012, pelas 20h50, na SIC Not\u00edcias.<\/p>\n<table class=\" aligncenter\" style=\"width: 80%;\" border=\"0\" align=\"center\">\n<tbody>\n<tr>\n<td>\n<div class=\"about-metadata branded-page-box-padding clearfix \">\n<div class=\"about-metadata-secondary-col has-custom-links\">&nbsp;<\/div>\n<ul class=\"about-custom-links\">\n<li class=\"channel-links-item\">\n<div class=\"about-network-links\" style=\"text-align: left;\"><a class=\"about-channel-link\" title=\"http:\/\/www.facebook.com\/istoematematica\" href=\"http:\/\/www.facebook.com\/istoematematica\" target=\"_blank\" rel=\"noopener\"> <img loading=\"lazy\" decoding=\"async\" class=\"network-icon-facebook\" title=\"\" src=\"\/\/s2.googleusercontent.com\/s2\/favicons?feature=youtube_channel&amp;domain=www.facebook.com\" alt=\"http:\/\/www.facebook.com\/istoematematica\" width=\"16\" height=\"16\"> <span class=\"about-channel-link-text\"> Isto \u00e9 Matem\u00e1tica <\/span> <\/a><\/div>\n<\/li>\n<li class=\"channel-links-item\" style=\"text-align: left;\"><a class=\"about-channel-link yt-uix-redirect-link about-channel-link-with-icon\" title=\"Sigma 3\" href=\"http:\/\/www.facebook.com\/sigma3lda\" target=\"_blank\" rel=\"me nofollow noopener\"> <img loading=\"lazy\" decoding=\"async\" class=\"about-channel-link-favicon\" src=\"\/\/s2.googleusercontent.com\/s2\/favicons?feature=youtube_channel&amp;domain=www.facebook.com\" alt=\"\" width=\"16\" height=\"16\"> <span class=\"about-channel-link-text\"> Sigma 3 <\/span> <\/a><\/li>\n<li class=\"channel-links-item\" style=\"text-align: left;\"><a class=\"about-channel-link yt-uix-redirect-link about-channel-link-with-icon\" title=\"P\u00e1gina da SPM\" href=\"http:\/\/www.spm.pt\" target=\"_blank\" rel=\"me nofollow noopener\"> <img loading=\"lazy\" decoding=\"async\" class=\"about-channel-link-favicon\" src=\"\/\/s2.googleusercontent.com\/s2\/favicons?feature=youtube_channel&amp;domain=www.spm.pt\" alt=\"\" width=\"16\" height=\"16\"> <span class=\"about-channel-link-text\"> P\u00e1gina da SPM <\/span> <\/a><\/li>\n<li class=\"channel-links-item\" style=\"text-align: left;\"><a class=\"about-channel-link yt-uix-redirect-link about-channel-link-with-icon\" title=\"SIC Not\u00edcias\" href=\"http:\/\/www.sicnoticias.pt\" target=\"_blank\" rel=\"me nofollow noopener\"> <img loading=\"lazy\" decoding=\"async\" class=\"about-channel-link-favicon\" src=\"\/\/s2.googleusercontent.com\/s2\/favicons?feature=youtube_channel&amp;domain=www.sicnoticias.pt\" alt=\"\" width=\"16\" height=\"16\"> <span class=\"about-channel-link-text\"> SIC Not\u00edcias <\/span> <\/a><\/li>\n<li class=\"channel-links-item\" style=\"text-align: left;\"><a class=\"about-channel-link about-channel-link-with-icon\" title=\"Isto \u00e9 Matem\u00e1tica\" href=\"http:\/\/www.youtube.com\/istoematematica\" target=\"_blank\" rel=\"noopener\"> <img loading=\"lazy\" decoding=\"async\" class=\"about-channel-link-favicon\" src=\"\/\/s2.googleusercontent.com\/s2\/favicons?feature=youtube_channel&amp;domain=www.youtube.com\" alt=\"\" width=\"16\" height=\"16\"> <span class=\"about-channel-link-text\"> Isto \u00e9 Matem\u00e1tica <\/span> <\/a><\/li>\n<li class=\"channel-links-item\" style=\"text-align: left;\"><a class=\"about-channel-link about-channel-link-with-icon\" title=\"Sigma 3\" href=\"http:\/\/www.youtube.com\/sigma3web\" target=\"_blank\" rel=\"noopener\"> <img loading=\"lazy\" decoding=\"async\" class=\"about-channel-link-favicon\" src=\"\/\/s2.googleusercontent.com\/s2\/favicons?feature=youtube_channel&amp;domain=www.youtube.com\" alt=\"\" width=\"16\" height=\"16\"> <span class=\"about-channel-link-text\"> Sigma 3 <\/span> <\/a><\/li>\n<\/ul>\n<\/div>\n<\/td>\n<td><a href=\"https:\/\/www.acasinhadamatematica.pt\/wp-content\/uploads\/2014\/01\/IEM.png\"><img loading=\"lazy\" decoding=\"async\" data-attachment-id=\"11706\" data-permalink=\"https:\/\/www.acasinhadamatematica.pt\/?attachment_id=11706\" data-orig-file=\"https:\/\/www.acasinhadamatematica.pt\/wp-content\/uploads\/2014\/01\/IEM.png\" data-orig-size=\"850,313\" data-comments-opened=\"1\" data-image-meta=\"{&quot;aperture&quot;:&quot;0&quot;,&quot;credit&quot;:&quot;&quot;,&quot;camera&quot;:&quot;&quot;,&quot;caption&quot;:&quot;&quot;,&quot;created_timestamp&quot;:&quot;0&quot;,&quot;copyright&quot;:&quot;&quot;,&quot;focal_length&quot;:&quot;0&quot;,&quot;iso&quot;:&quot;0&quot;,&quot;shutter_speed&quot;:&quot;0&quot;,&quot;title&quot;:&quot;&quot;}\" data-image-title=\"IEM\" data-image-description=\"\" data-image-caption=\"&lt;p&gt;Isto \u00e9 Matem\u00e1tica&lt;\/p&gt;\n\" data-large-file=\"https:\/\/www.acasinhadamatematica.pt\/wp-content\/uploads\/2014\/01\/IEM.png\" class=\"aligncenter wp-image-11706\" src=\"https:\/\/www.acasinhadamatematica.pt\/wp-content\/uploads\/2014\/01\/IEM.png\" alt=\"Isto \u00e9 Matem\u00e1tica\" width=\"510\" height=\"188\" srcset=\"https:\/\/www.acasinhadamatematica.pt\/wp-content\/uploads\/2014\/01\/IEM.png 850w, https:\/\/www.acasinhadamatematica.pt\/wp-content\/uploads\/2014\/01\/IEM-300x110.png 300w, https:\/\/www.acasinhadamatematica.pt\/wp-content\/uploads\/2014\/01\/IEM-150x55.png 150w, https:\/\/www.acasinhadamatematica.pt\/wp-content\/uploads\/2014\/01\/IEM-400x147.png 400w\" sizes=\"auto, (max-width: 510px) 100vw, 510px\" \/><\/a><\/td>\n<\/tr>\n<\/tbody>\n<\/table>\n\n\n<div style=\"height:10px\" aria-hidden=\"true\" class=\"wp-block-spacer\"><\/div>\n\n\n<p><ul id='GTTabs_ul_21841' class='GTTabs' style='display:none'>\n<li id='GTTabs_li_0_21841' class='GTTabs_curr'><a  id=\"21841_0\" onMouseOver=\"GTTabsShowLinks('Promos &amp; Gen\u00e9rico'); return true;\"  onMouseOut=\"GTTabsShowLinks();\"  class='GTTabsLinks'>Promos &amp; Gen\u00e9rico<\/a><\/li>\n<li id='GTTabs_li_1_21841' ><a  id=\"21841_1\" onMouseOver=\"GTTabsShowLinks('Bloopers &amp; Exclusivos Web'); return true;\"  onMouseOut=\"GTTabsShowLinks();\"  class='GTTabsLinks'>Bloopers &amp; Exclusivos Web<\/a><\/li>\n<li id='GTTabs_li_2_21841' ><a  id=\"21841_2\" onMouseOver=\"GTTabsShowLinks('L\u00f3gica e Paradoxos'); return true;\"  onMouseOut=\"GTTabsShowLinks();\"  class='GTTabsLinks'>L\u00f3gica e Paradoxos<\/a><\/li>\n<\/ul>\n\n<div class='GTTabs_divs GTTabs_curr_div' id='GTTabs_0_21841'>\n<span class='GTTabs_titles'><b>Promos &amp; Gen\u00e9rico<\/b><\/span><\/p>\n\n\n<style>.embed-container { position: relative; padding-bottom: 56.25%; height: 0; overflow: hidden; max-width: 100%; } .embed-container iframe, .embed-container object, .embed-container embed { position: absolute; top: 0; left: 0; width: 100%; height: 100%; }<\/style><div class=\"embed-container\"><iframe src=\"https:\/\/www.youtube.com\/embed\/videoseries?list=PLKTNxZkADYLsb39QoI4PCd157LDbIjyW_\" frameborder=\"0\" allowfullscreen=\"\"><\/iframe><\/div>\n\n\n<p>\u00ad<style>\nh3.hungryfeed_feed_title {}\r\np.hungryfeed_feed_description {}\r\ndiv.hungryfeed_items {}\r\ndiv.hungryfeed_item {margin-bottom: 10px;}\r\ndiv.hungryfeed_item_title {font-weight: bold;}\r\ndiv.hungryfeed_item_description {}\r\ndiv.hungryfeed_item_author {}\r\ndiv.hungryfeed_item_date {}\n<\/style>\n<script >\r\n<\/script>\n<h3 class=\"hungryfeed_feed_title\">Promos &amp; Gen\u00e9rico<\/h3>\n<p class=\"hungryfeed_feed_description\"><\/p>\n<div class=\"hungryfeed_items\">\n<div class=\"hungryfeed_item\">\r\n<h5><a href=\"https:\/\/www.youtube.com\/watch?v=fFkK1_uHpmQ\">Gen\u00e9rico &quot;Isto \u00e9 Matem\u00e1tica&quot; Temporada 12 - 2022<\/a><\/h5>\r\n<div>A estreia da temporada 12 do \"Isto \u00e9 Matem\u00e1tica\" apresenta uma nova identidade gr\u00e1fica do programa. A Sigma 3 e a Blink Pixel trabalharam em conjunto na produ\u00e7\u00e3o de um novo gen\u00e9rico. Este \u00e9 o resultado.\n\nConceito: Ricardo \"Tiger\" Silva\/ Tiago da Cunha Caetano\/ Tiago Mineiro\nImagem: Ricardo \"Tiger da Silva\"\nTratamento v\u00eddeo: Bernardo Caetano\nDesign Gr\u00e1fico  e efeitos especiais: Tiago Mineiro\nM\u00fasica: \"Fragile\" de Olenergy \nP\u00f3s Produ\u00e7\u00e3o \u00c1udio: Andr\u00e9 Costa\nRealiza\u00e7\u00e3o: Ricardo \"Tiger\" da Silva<\/div>\r\n<div>Autor: Isto \u00e9 Matem\u00e1tica<\/div>\r\n<div>Publicado: September 5, 2022, 4:30 pm<\/div>\r\n<\/div><div class=\"hungryfeed_item\">\r\n<h5><a href=\"https:\/\/www.youtube.com\/watch?v=x5Sju8ygEMA\">A minha bicicleta calcula \u00e1reas!<\/a><\/h5>\r\n<div>Bicicletas? Sim! Pode n\u00e3o parecer, mas est\u00e3o carregadinhas de matem\u00e1tica!\nNesta palestra \u2013 que \u00e9 uma esp\u00e9cie de show \u2013 vamos falar de bicicletas e da sua curiosa rela\u00e7\u00e3o com a forma como os objetos flutuam na \u00e1gua. Mais! Vamos ver, ao vivo, o estranho caso da bicicleta que sabe calcular \u00e1reas.\nPode at\u00e9 parecer estranho juntar no mesmo palco: um aqu\u00e1rio, uma bicicleta e a balan\u00e7a da drogaria, mas n\u00e3o \u00e9, porque\u2026 Isto \u00e9 Matem\u00e1tica!<\/div>\r\n<div>Autor: Isto \u00e9 Matem\u00e1tica<\/div>\r\n<div>Publicado: December 13, 2018, 3:45 pm<\/div>\r\n<\/div><div class=\"hungryfeed_item\">\r\n<h5><a href=\"https:\/\/www.youtube.com\/watch?v=vauYCjlOKEY\">Isto \u00e9 Matem\u00e1tica - Promo SIC Not\u00edcias [2016] - SD<\/a><\/h5>\r\n<div>Promo do nosso programa na SIC Not\u00edcias para a Temporada 08.\n\nHelp us caption & translate this video!\n\nhttp:\/\/amara.org\/v\/7XLH\/<\/div>\r\n<div>Autor: Isto \u00e9 Matem\u00e1tica<\/div>\r\n<div>Publicado: February 22, 2016, 1:03 pm<\/div>\r\n<\/div><div class=\"hungryfeed_item\">\r\n<h5><a href=\"https:\/\/www.youtube.com\/watch?v=oF5oWT_qO30\">Novo gen\u00e9rico &quot;Isto \u00e9 Matem\u00e1tica&quot;<\/a><\/h5>\r\n<div>Gen\u00e9rico \"Isto \u00e9 Matem\u00e1tica\" retocado para a Temporada 8.\nAnterior gen\u00e9rico aqui: https:\/\/www.youtube.com\/watch?v=5Nf12R-lZA4\n\nCriatividade: Filipe Pina, Rog\u00e9rio Martins, Tiago da Cunha Caetano, Tiago Mineiro, Sigma 3;\nEdi\u00e7\u00e3o e Motion Graphics: Tiago Mineiro \/ Blink Pixel\nProdu\u00e7\u00e3o Executiva: Sigma 3.\n\nM\u00fasica: Fragile - Olenergy https:\/\/www.youtube.com\/olenergy\/\n\nHelp us caption & translate this video!\n\nhttp:\/\/amara.org\/v\/7XLO\/<\/div>\r\n<div>Autor: Isto \u00e9 Matem\u00e1tica<\/div>\r\n<div>Publicado: January 5, 2016, 4:18 pm<\/div>\r\n<\/div><div class=\"hungryfeed_item\">\r\n<h5><a href=\"https:\/\/www.youtube.com\/watch?v=71sPmkbR-4I\">Isto \u00e9 Matem\u00e1tica em destaque no CC All Stars\uf020<\/a><\/h5>\r\n<div>Depois de ter recebido o pr\u00e9mio homenagem da Mostra de Ci\u00eancia na TV realizada no Rio de Janeiro, Rog\u00e9rio Martins, esteve em destaque na emiss\u00e3o de 7 de Novembro no programa da SIC Radical CC All Stars. Fica aqui o momento da entrevista.<\/div>\r\n<div>Autor: sigma3web<\/div>\r\n<div>Publicado: November 8, 2013, 1:25 pm<\/div>\r\n<\/div><div class=\"hungryfeed_item\">\r\n<h5><a href=\"https:\/\/www.youtube.com\/watch?v=SXf2Jjlxi-o\">Isto \u00c9 Matem\u00e1tica - Promo\u00e7\u00e3o SIC Not\u00edcias<\/a><\/h5>\r\n<div>Promo\u00e7\u00e3o do programa \"Isto \u00c9 Matem\u00e1tica\" na SIC Not\u00edcias.\n\nHelp us caption & translate this video!\n\nhttp:\/\/amara.org\/v\/7XLZ\/<\/div>\r\n<div>Autor: Isto \u00e9 Matem\u00e1tica<\/div>\r\n<div>Publicado: October 8, 2012, 5:11 pm<\/div>\r\n<\/div><div class=\"hungryfeed_item\">\r\n<h5><a href=\"https:\/\/www.youtube.com\/watch?v=5Nf12R-lZA4\">Gen\u00e9rico: Isto \u00e9 Matem\u00e1tica - SIC Not\u00edcias<\/a><\/h5>\r\n<div>Criatividade: Filipe Pina,  Rog\u00e9rio Martins; Tiago da Cunha Caetano; Sigma 3 \/ Concep\u00e7\u00e3o, Produ\u00e7\u00e3o e Realiza\u00e7\u00e3o; Filipe Pina; Produ\u00e7\u00e3o Executiva: Sigma 3; M\u00fasica: Tema: Fragile - Autor: Olenergy<\/div>\r\n<div>Autor: sigma3web<\/div>\r\n<div>Publicado: October 8, 2012, 3:51 pm<\/div>\r\n<\/div><\/div>\n<\/p>\n\n<p><div class='GTTabsNavigation' style='display:none'><span class='GTTabs_nav_next'><a href='#GTTabs_ul_21841' onClick='GTTabs_show(1,21841)'>Bloopers &amp; Exclusivos Web &gt;&gt;<\/a><\/span><\/div><\/div>\n\n<div class='GTTabs_divs' id='GTTabs_1_21841'>\n<span class='GTTabs_titles'><b>Bloopers &amp; Exclusivos Web<\/b><\/span><\/p>\n<p>Quando se faz matem\u00e1tica acontecem coisas engra\u00e7adas.<\/p>\n\n\n<style>.embed-container { position: relative; padding-bottom: 56.25%; height: 0; overflow: hidden; max-width: 100%; } .embed-container iframe, .embed-container object, .embed-container embed { position: absolute; top: 0; left: 0; width: 100%; height: 100%; }<\/style><div class=\"embed-container\"><iframe src=\"https:\/\/www.youtube.com\/embed\/videoseries?list=PLKTNxZkADYLukYVyEhjq9q7RkQsSmaSPQ\" frameborder=\"0\" allowfullscreen=\"\"><\/iframe><\/div>\n\n\n<p>\u00ad<style>\nh3.hungryfeed_feed_title {}\r\np.hungryfeed_feed_description {}\r\ndiv.hungryfeed_items {}\r\ndiv.hungryfeed_item {margin-bottom: 10px;}\r\ndiv.hungryfeed_item_title {font-weight: bold;}\r\ndiv.hungryfeed_item_description {}\r\ndiv.hungryfeed_item_author {}\r\ndiv.hungryfeed_item_date {}\n<\/style>\n<script >\r\n<\/script>\n<h3 class=\"hungryfeed_feed_title\">Bloopers &amp; Exclusivos Web<\/h3>\n<p class=\"hungryfeed_feed_description\"><\/p>\n<div class=\"hungryfeed_items\">\n<div class=\"hungryfeed_item\">\r\n<h5><a href=\"https:\/\/www.youtube.com\/watch?v=AGqk9Vs_Q-U\">Antevis\u00e3o do epis\u00f3dio T07E13 - O fim do mundo<\/a><\/h5>\r\n<div>Antecipa-se com este v\u00eddeo o \u00faltimo epis\u00f3dio do Isto \u00e9 Matem\u00e1tica. A equipa manifesta-se face a este momento t\u00e3o especial, depois de uma longa temporada de 91 epis\u00f3dios.<\/div>\r\n<div>Autor: sigma3web<\/div>\r\n<div>Publicado: July 2, 2014, 10:43 am<\/div>\r\n<\/div><div class=\"hungryfeed_item\">\r\n<h5><a href=\"https:\/\/www.youtube.com\/watch?v=7q_8-H9qYDg\">IEM T07E12 Promo\u00e7\u00e3o ao epis\u00f3dio &quot;\u00c9variste Galois: uma novela matem\u00e1tica&quot;<\/a><\/h5>\r\n<div>Num misto de homenagem ao m\u00edtico Jos\u00e9 Malhoa e de momento de promo\u00e7\u00e3o do epis\u00f3dio 12 da s\u00e9rie 7 do Isto \u00e9 Matem\u00e1tica, Rog\u00e9rio Martins (apresentador), Nelson Patriarca (produtor) e Tiago Caetano (criativo e guionista) cantam o refr\u00e3o de \"24 rosas\"<\/div>\r\n<div>Autor: sigma3web<\/div>\r\n<div>Publicado: June 25, 2014, 3:33 pm<\/div>\r\n<\/div><div class=\"hungryfeed_item\">\r\n<h5><a href=\"https:\/\/www.youtube.com\/watch?v=P9ug0Vc0uYM\">Antecipa\u00e7\u00e3o do Isto \u00e9 Matem\u00e1tica T07E11 no Facebook<\/a><\/h5>\r\n<div>No programa 11 da 7\u00aas\u00e9rie do Isto \u00e9 Matem\u00e1tica falamos de anamorfismos e apresentamos Jean Carreira, o auto proclamado filho ileg\u00edtimo do m\u00fasico Tony Carreira. \nEste \u00e9 o v\u00eddeo de promo\u00e7\u00e3o deste epis\u00f3dio, com um momento non sense da equipa! <\/div>\r\n<div>Autor: sigma3web<\/div>\r\n<div>Publicado: June 19, 2014, 7:54 pm<\/div>\r\n<\/div><div class=\"hungryfeed_item\">\r\n<h5><a href=\"https:\/\/www.youtube.com\/watch?v=f_QZiMO8s08\">Rog\u00e9rio e o Seu B\u00f3lide<\/a><\/h5>\r\n<div>Finalmente, no 6\u00ba epis\u00f3dio da 2\u00aa temporada de Isto \u00e9 Matem\u00e1tica, o professor Rog\u00e9rio concretizou o seu sonho de conduzir um b\u00f3lide. Mais ou menos.\n\nVeja este epis\u00f3dio aqui:\nhttp:\/\/youtu.be\/OYunETp6SLA\n\nV\u00eddeo sem fins lucrativos e sem inten\u00e7\u00e3o de infringir qualquer direito de banda sonora.\n\nHelp us caption & translate this video!\n\nhttp:\/\/amara.org\/v\/7XLP\/<\/div>\r\n<div>Autor: Isto \u00e9 Matem\u00e1tica<\/div>\r\n<div>Publicado: May 20, 2013, 5:20 pm<\/div>\r\n<\/div><div class=\"hungryfeed_item\">\r\n<h5><a href=\"https:\/\/www.youtube.com\/watch?v=C-92DNZFHsY\">Isto \u00e9 Matem\u00e1tica - O Barbeiro e o Rog\u00e9rio<\/a><\/h5>\r\n<div>Ainda com o epis\u00f3dio duplo do \"Paradoxo do Barbeiro\" como pano de fundo, o professor Rog\u00e9rio \u00e9 convidado para uma dan\u00e7a... estranha.\n\nHelp us caption & translate this video!\n\nhttp:\/\/amara.org\/v\/7XLQ\/<\/div>\r\n<div>Autor: Isto \u00e9 Matem\u00e1tica<\/div>\r\n<div>Publicado: November 28, 2012, 6:32 pm<\/div>\r\n<\/div><div class=\"hungryfeed_item\">\r\n<h5><a href=\"https:\/\/www.youtube.com\/watch?v=BBiKz0QyeIo\">Isto \u00e9 Matem\u00e1tica - A raiz quadrada da Gi<\/a><\/h5>\r\n<div>Video exclusivo para a internet onde o professor \u00e9 confrontado a responder o resultado de algumas ra\u00edzes quadradas, mas pequeninas.\n\nHelp us caption & translate this video!\n\nhttp:\/\/amara.org\/v\/7XLR\/<\/div>\r\n<div>Autor: Isto \u00e9 Matem\u00e1tica<\/div>\r\n<div>Publicado: November 23, 2012, 11:22 am<\/div>\r\n<\/div><div class=\"hungryfeed_item\">\r\n<h5><a href=\"https:\/\/www.youtube.com\/watch?v=sRiTubh6Lug\">Isto \u00e9 Matem\u00e1tica - Pizza<\/a><\/h5>\r\n<div>Video exclusivo para a internet que retrata um almo\u00e7o durante as grava\u00e7\u00f5es de \"Isto \u00e9 Matem\u00e1tica\". Pizzaaaaa!!!\n\nHelp us caption & translate this video!\n\nhttp:\/\/amara.org\/v\/7XLS\/<\/div>\r\n<div>Autor: Isto \u00e9 Matem\u00e1tica<\/div>\r\n<div>Publicado: November 23, 2012, 11:17 am<\/div>\r\n<\/div><div class=\"hungryfeed_item\">\r\n<h5><a href=\"https:\/\/www.youtube.com\/watch?v=4H6P3cte3PE\">Isto \u00e9 Matem\u00e1tica - Nelson Patriarca<\/a><\/h5>\r\n<div>O produtor de \"Isto \u00e9 Matem\u00e1tica\" Nelson Patriarca garante \u00e0s v\u00e1rias institui\u00e7\u00f5es do Estado como nenhuma borboleta foi maltratada neste programa.\n\nO programa correspondente aqui: http:\/\/youtu.be\/Dn5Dxm9gup0?hd=1\n\nHelp us caption & translate this video!\n\nhttp:\/\/amara.org\/v\/7XLT\/<\/div>\r\n<div>Autor: Isto \u00e9 Matem\u00e1tica<\/div>\r\n<div>Publicado: November 19, 2012, 8:27 pm<\/div>\r\n<\/div><div class=\"hungryfeed_item\">\r\n<h5><a href=\"https:\/\/www.youtube.com\/watch?v=PlIMHP0zgGY\">Isto \u00e9 Matem\u00e1tica - A foca<\/a><\/h5>\r\n<div>Bloopers e bastidores da grava\u00e7\u00e3o do epis\u00f3dio #3 de \"Isto \u00e9 Matem\u00e1tica\" da SIC Not\u00edcias.\n\nVeja aqui o epis\u00f3dio completo.\nhttp:\/\/youtu.be\/_PYgy-06rIs\n\nHelp us caption & translate this video!\n\nhttp:\/\/amara.org\/v\/7XLU\/<\/div>\r\n<div>Autor: Isto \u00e9 Matem\u00e1tica<\/div>\r\n<div>Publicado: November 6, 2012, 11:30 am<\/div>\r\n<\/div><div class=\"hungryfeed_item\">\r\n<h5><a href=\"https:\/\/www.youtube.com\/watch?v=8SIA6xLrM9Y\">Isto \u00e9 Matem\u00e1tica - O &quot;Googlo&quot;<\/a><\/h5>\r\n<div>Bloopers do epis\u00f3dio 02 de \"Isto \u00e9 Matem\u00e1tica\". \u00c9 basicamente sobre o \"Googlo\".\n\nVeja aqui o epis\u00f3dio completo.\nhttp:\/\/youtu.be\/DZ0hq2sQg28\n\nHelp us caption & translate this video!\n\nhttp:\/\/amara.org\/v\/7XLV\/<\/div>\r\n<div>Autor: Isto \u00e9 Matem\u00e1tica<\/div>\r\n<div>Publicado: October 25, 2012, 9:14 am<\/div>\r\n<\/div><div class=\"hungryfeed_item\">\r\n<h5><a href=\"https:\/\/www.youtube.com\/watch?v=XkRqd8jI56s\">2000 f\u00e3s no Facebook<\/a><\/h5>\r\n<div>Reac\u00e7\u00e3o do Rog\u00e9rio ao n\u00famero de 2000 f\u00e3s no Facebook do Isto \u00e9 Matem\u00e1tica\n\nHelp us caption & translate this video!\n\nhttp:\/\/amara.org\/v\/7XLW\/<\/div>\r\n<div>Autor: Isto \u00e9 Matem\u00e1tica<\/div>\r\n<div>Publicado: October 23, 2012, 4:15 pm<\/div>\r\n<\/div><div class=\"hungryfeed_item\">\r\n<h5><a href=\"https:\/\/www.youtube.com\/watch?v=r1PnK7UU4fg\">Isto \u00e9 Matem\u00e1tica - Cameraman no esgoto<\/a><\/h5>\r\n<div>Durante a grava\u00e7\u00e3o do epis\u00f3dio de estreia, metemos um cameraman no esgoto. Teve mesmo que ser.\nV\u00eddeo exclusivo para Youtube e Facebook.\n\nHelp us caption & translate this video!\n\nhttp:\/\/amara.org\/v\/7XLX\/<\/div>\r\n<div>Autor: Isto \u00e9 Matem\u00e1tica<\/div>\r\n<div>Publicado: October 17, 2012, 6:54 pm<\/div>\r\n<\/div><div class=\"hungryfeed_item\">\r\n<h5><a href=\"https:\/\/www.youtube.com\/watch?v=bYin2JOuNYY\">Isto \u00e9 Matem\u00e1tica - S\u00e9rgio Magno<\/a><\/h5>\r\n<div>Durante a grava\u00e7\u00e3o do epis\u00f3dio de estreia, S\u00e9rgio Magno da Exame Inform\u00e1tica teve um mano-a-mano com a m\u00e1quina de caf\u00e9.\nV\u00eddeo exclusivo para Youtube e Facebook.\n\nHelp us caption & translate this video!\n\nhttp:\/\/amara.org\/v\/7XLY\/<\/div>\r\n<div>Autor: Isto \u00e9 Matem\u00e1tica<\/div>\r\n<div>Publicado: October 16, 2012, 12:05 pm<\/div>\r\n<\/div><\/div>\n<\/p>\n\n<p><div class='GTTabsNavigation' style='display:none'><span class='GTTabs_nav_prev'><a href='#GTTabs_ul_21841' onClick='GTTabs_show(0,21841)'>&lt;&lt; Promos &amp; Gen\u00e9rico<\/a><\/span><span class='GTTabs_nav_next'><a href='#GTTabs_ul_21841' onClick='GTTabs_show(2,21841)'>L\u00f3gica e Paradoxos &gt;&gt;<\/a><\/span><\/div><\/div>\n\n<div class='GTTabs_divs' id='GTTabs_2_21841'>\n<span class='GTTabs_titles'><b>L\u00f3gica e Paradoxos<\/b><\/span><\/p>\n<p>Uma playlist &#8220;Isto \u00e9 Matem\u00e1tica&#8221; especial para quem gosta de puxar pela cabe\u00e7a. Para ver e rever at\u00e9 entender. \ud83d\ude42<\/p>\n\n\n<style>.embed-container { position: relative; padding-bottom: 56.25%; height: 0; overflow: hidden; max-width: 100%; } .embed-container iframe, .embed-container object, .embed-container embed { position: absolute; top: 0; left: 0; width: 100%; height: 100%; }<\/style><div class=\"embed-container\"><iframe src=\"https:\/\/www.youtube.com\/embed\/videoseries?list=PLKTNxZkADYLuE3wlVaf3OXD-37sEi4ztH\" frameborder=\"0\" allowfullscreen=\"\"><\/iframe><\/div>\n\n\n<style>\nh3.hungryfeed_feed_title {}\r\np.hungryfeed_feed_description {}\r\ndiv.hungryfeed_items {}\r\ndiv.hungryfeed_item {margin-bottom: 10px;}\r\ndiv.hungryfeed_item_title {font-weight: bold;}\r\ndiv.hungryfeed_item_description {}\r\ndiv.hungryfeed_item_author {}\r\ndiv.hungryfeed_item_date {}\n<\/style>\n<script >\r\n<\/script>\n<h3 class=\"hungryfeed_feed_title\">L\u00f3gica e Paradoxos<\/h3>\n<p class=\"hungryfeed_feed_description\"><\/p>\n<div class=\"hungryfeed_items\">\n<div class=\"hungryfeed_item\">\r\n<h5><a href=\"https:\/\/www.youtube.com\/watch?v=cjilqAqjf0A\">Isto \u00e9 Matem\u00e1tica T02E08 Epim\u00e9nides, Mentiras e V\u00eddeo<\/a><\/h5>\r\n<div>Neste epis\u00f3dio o matem\u00e1tico Rog\u00e9rio Martins vai falar do paradoxo do mentiroso. Para tal, visitar\u00e1 a Gr\u00e9cia antiga, mas tamb\u00e9m falar\u00e1 com um amigo matem\u00e1tico e com um fantoche. E Isto \u00e9 Matem\u00e1tica.<\/div>\r\n<div>Autor: sigma3web<\/div>\r\n<div>Publicado: March 5, 2013, 2:13 pm<\/div>\r\n<\/div><div class=\"hungryfeed_item\">\r\n<h5><a href=\"https:\/\/www.youtube.com\/watch?v=OYunETp6SLA\">Isto \u00e9 Matem\u00e1tica T02E06  &quot;A l\u00f3gica \u00e9 fofinha&quot;<\/a><\/h5>\r\n<div>Neste epis\u00f3dio o matem\u00e1tico Rog\u00e9rio Martins fala de l\u00f3gica para desmascarar um vendedor de carros usados, conduz um carro (eco)l\u00f3gico e ainda, atrav\u00e9s da l\u00f3gica baralha um... carteirista.<\/div>\r\n<div>Autor: sigma3web<\/div>\r\n<div>Publicado: February 18, 2013, 2:13 pm<\/div>\r\n<\/div><div class=\"hungryfeed_item\">\r\n<h5><a href=\"https:\/\/www.youtube.com\/watch?v=89YEfCO5c10\">Isto \u00e9 Matem\u00e1tica T01E11 Sai Uma Dose de Absurdo No Espeto<\/a><\/h5>\r\n<div>Neste epis\u00f3dio de \"Isto \u00e9 Matem\u00e1tica\" vamos encontrar o nosso Matem\u00e1tico Rog\u00e9rio Martins perdido num carrosel de absurdos. Ser\u00e1 o absurdo uma quest\u00e3o matem\u00e1tica?<\/div>\r\n<div>Autor: sigma3web<\/div>\r\n<div>Publicado: December 24, 2012, 3:47 pm<\/div>\r\n<\/div><div class=\"hungryfeed_item\">\r\n<h5><a href=\"https:\/\/www.youtube.com\/watch?v=af8c0iyFkaU\">Isto E\u0301 Matema\u0301tica T01E06 Um Novo Paradoxo .<\/a><\/h5>\r\n<div>\"Isto \u00e9 Matem\u00e1tica\", promovido pela Sociedade Portuguesa de Matem\u00e1tica, com produ\u00e7\u00e3o e realiza\u00e7\u00e3o da SIGMA 3 e com apresenta\u00e7\u00e3o de Rog\u00e9rio Martins, Matem\u00e1tico e Professor Universit\u00e1rio.\n \nO \"Isto \u00e9 Matem\u00e1tica\" pretende de uma forma simples e realista apresentar a forma como a Matem\u00e1tica nos rodeia em grande parte da nossa vida.<\/div>\r\n<div>Autor: sigma3web<\/div>\r\n<div>Publicado: November 19, 2012, 4:45 pm<\/div>\r\n<\/div><div class=\"hungryfeed_item\">\r\n<h5><a href=\"https:\/\/www.youtube.com\/watch?v=VloY6dYS6LU\">Isto \u00c9 Matem\u00e1tica T01E05 O paradoxo do barbeiro - parte 1<\/a><\/h5>\r\n<div>\"Isto \u00e9 Matem\u00e1tica\", promovido pela Sociedade Portuguesa de Matem\u00e1tica, com produ\u00e7\u00e3o e realiza\u00e7\u00e3o da SIGMA 3 e com apresenta\u00e7\u00e3o de Rog\u00e9rio Martins, Matem\u00e1tico e Professor Universit\u00e1rio.\n \nO \"Isto \u00e9 Matem\u00e1tica\" pretende de uma forma simples e realista apresentar a forma como a Matem\u00e1tica nos rodeia em grande parte da nossa vida. \n\nNo epis\u00f3dio 5 vamos conhecer o paradoxo do Barbeiro e ainda saber o que s\u00e3o axiomas.<\/div>\r\n<div>Autor: sigma3web<\/div>\r\n<div>Publicado: November 12, 2012, 4:32 pm<\/div>\r\n<\/div><\/div>\n<div class='GTTabsNavigation' style='display:none'><span class='GTTabs_nav_prev'><a href='#GTTabs_ul_21841' onClick='GTTabs_show(1,21841)'>&lt;&lt; Bloopers &amp; Exclusivos Web<\/a><\/span><\/div><\/div>\n\n","protected":false},"excerpt":{"rendered":"<p>O &#8220;Isto \u00e9 Matem\u00e1tica&#8221; pretende de uma forma simples e realista apresentar a forma como a Matem\u00e1tica nos rodeia em grande parte da nossa vida. Promovido pela Sociedade Portuguesa de Matem\u00e1tica, apresentado por Rog\u00e9rio&#46;&#46;&#46;<\/p>\n","protected":false},"author":1,"featured_media":21181,"comment_status":"open","ping_status":"closed","sticky":false,"template":"","format":"standard","meta":{"_jetpack_memberships_contains_paid_content":false,"footnotes":""},"categories":[5,348,3,7],"tags":[349,80,200],"series":[],"class_list":["post-21841","post","type-post","status-publish","format-standard","has-post-thumbnail","hentry","category-divulgacao","category-isto-e-matematica","category-matematica","category-video","tag-divulgacao-2","tag-matematica-2","tag-video-2"],"views":542,"jetpack_featured_media_url":"https:\/\/www.acasinhadamatematica.pt\/wp-content\/uploads\/2014\/01\/Isto_e_Matematica_520x245.png","jetpack_sharing_enabled":true,"jetpack_likes_enabled":true,"_links":{"self":[{"href":"https:\/\/www.acasinhadamatematica.pt\/index.php?rest_route=\/wp\/v2\/posts\/21841","targetHints":{"allow":["GET"]}}],"collection":[{"href":"https:\/\/www.acasinhadamatematica.pt\/index.php?rest_route=\/wp\/v2\/posts"}],"about":[{"href":"https:\/\/www.acasinhadamatematica.pt\/index.php?rest_route=\/wp\/v2\/types\/post"}],"author":[{"embeddable":true,"href":"https:\/\/www.acasinhadamatematica.pt\/index.php?rest_route=\/wp\/v2\/users\/1"}],"replies":[{"embeddable":true,"href":"https:\/\/www.acasinhadamatematica.pt\/index.php?rest_route=%2Fwp%2Fv2%2Fcomments&post=21841"}],"version-history":[{"count":0,"href":"https:\/\/www.acasinhadamatematica.pt\/index.php?rest_route=\/wp\/v2\/posts\/21841\/revisions"}],"wp:featuredmedia":[{"embeddable":true,"href":"https:\/\/www.acasinhadamatematica.pt\/index.php?rest_route=\/wp\/v2\/media\/21181"}],"wp:attachment":[{"href":"https:\/\/www.acasinhadamatematica.pt\/index.php?rest_route=%2Fwp%2Fv2%2Fmedia&parent=21841"}],"wp:term":[{"taxonomy":"category","embeddable":true,"href":"https:\/\/www.acasinhadamatematica.pt\/index.php?rest_route=%2Fwp%2Fv2%2Fcategories&post=21841"},{"taxonomy":"post_tag","embeddable":true,"href":"https:\/\/www.acasinhadamatematica.pt\/index.php?rest_route=%2Fwp%2Fv2%2Ftags&post=21841"},{"taxonomy":"series","embeddable":true,"href":"https:\/\/www.acasinhadamatematica.pt\/index.php?rest_route=%2Fwp%2Fv2%2Fseries&post=21841"}],"curies":[{"name":"wp","href":"https:\/\/api.w.org\/{rel}","templated":true}]}}