{"id":1995,"date":"2010-07-12T05:34:01","date_gmt":"2010-07-12T04:34:01","guid":{"rendered":"https:\/\/www.acasinhadamatematica.pt\/?p=1995"},"modified":"2022-02-10T02:28:11","modified_gmt":"2022-02-10T02:28:11","slug":"o-protao-e-afinal-mais-pequeno","status":"publish","type":"post","link":"https:\/\/www.acasinhadamatematica.pt\/?p=1995","title":{"rendered":"O prot\u00e3o \u00e9, afinal, mais pequeno!"},"content":{"rendered":"<h5>Resultado da investiga\u00e7\u00e3o \u00e9 manchete da Nature<\/h5>\n<p><em><a href=\"https:\/\/www.acasinhadamatematica.pt\/wp-content\/uploads\/2010\/07\/nature-proton.jpg\"><img loading=\"lazy\" decoding=\"async\" data-attachment-id=\"2004\" data-permalink=\"https:\/\/www.acasinhadamatematica.pt\/?attachment_id=2004\" data-orig-file=\"https:\/\/www.acasinhadamatematica.pt\/wp-content\/uploads\/2010\/07\/nature-proton.jpg\" data-orig-size=\"226,300\" data-comments-opened=\"1\" data-image-meta=\"{&quot;aperture&quot;:&quot;0&quot;,&quot;credit&quot;:&quot;&quot;,&quot;camera&quot;:&quot;&quot;,&quot;caption&quot;:&quot;&quot;,&quot;created_timestamp&quot;:&quot;0&quot;,&quot;copyright&quot;:&quot;&quot;,&quot;focal_length&quot;:&quot;0&quot;,&quot;iso&quot;:&quot;0&quot;,&quot;shutter_speed&quot;:&quot;0&quot;,&quot;title&quot;:&quot;&quot;}\" data-image-title=\"nature-proton\" data-image-description=\"\" data-image-caption=\"\" data-large-file=\"https:\/\/www.acasinhadamatematica.pt\/wp-content\/uploads\/2010\/07\/nature-proton.jpg\" class=\"alignright size-full wp-image-2004\" title=\"Nature\" src=\"https:\/\/www.acasinhadamatematica.pt\/wp-content\/uploads\/2010\/07\/nature-proton.jpg\" alt=\"\" width=\"226\" height=\"300\" srcset=\"https:\/\/www.acasinhadamatematica.pt\/wp-content\/uploads\/2010\/07\/nature-proton.jpg 226w, https:\/\/www.acasinhadamatematica.pt\/wp-content\/uploads\/2010\/07\/nature-proton-113x150.jpg 113w\" sizes=\"auto, (max-width: 226px) 100vw, 226px\" \/><\/a>Uma equipa internacional de investigadores, da qual faz parte um grupo de investigadores de Coimbra e Aveiro \u2013 o investigador Joaquim Santos, da Universidade de Coimbra, coordenou a equipa portuguesa &#8211; verificou que o prot\u00e3o \u00e9, afinal, mais pequeno do que o assumido at\u00e9 agora pela comunidade cient\u00edfica.<\/em><\/p>\n<p><em>Este resultado surpreendente foi obtido numa experi\u00eancia com um n\u00edvel de precis\u00e3o sem precedentes e vem publicado no volume desta semana da prestigiada revista \u201cNature\u201d, tendo sido escolhido para capa da referida revista.<\/em><\/p>\n<p>O prot\u00e3o, um dos constituintes b\u00e1sicos de toda a mat\u00e9ria \u00e9, na realidade, mais pequeno do que se pensava. O valor obtido nesta experi\u00eancia para o raio do prot\u00e3o \u00e9 dez vezes mais preciso mas, surpreendentemente, 4% menor do que o valor assumido at\u00e9 agora.<\/p>\n<p>As consequ\u00eancias desta discrep\u00e2ncia est\u00e3o ainda por esclarecer, n\u00e3o se sabendo atualmente qual o alcance das suas implica\u00e7\u00f5es na F\u00edsica podendo, no limite, vir a questionar a validade de uma das teorias fundamentais mais s\u00f3lidas ou fazer alterar o valor da constante f\u00edsica fundamental de maior precis\u00e3o.<\/p>\n<p>A equipa portuguesa, coordenada por elementos do Centro de Instrumenta\u00e7\u00e3o da Faculdade de Ci\u00eancias e Tecnologia da Universidade de Coimbra, foi respons\u00e1vel pelo sistema de dete\u00e7\u00e3o de Raios X, um dos sistemas pilares da experi\u00eancia e teve um papel importante no desenvolvimento do sistema de aquisi\u00e7\u00e3o e processamento dos sinais desses detetores.<\/p>\n<p>via Ci\u00eancia Hoje<sup>\u00ae<\/sup>: <a href=\"https:\/\/web.archive.org\/web\/20150329080611\/http:\/\/cienciahoje.pt\/index.php?oid=43878&amp;op=all\" target=\"_blank\" rel=\"noopener noreferrer\">O prot\u00e3o \u00e9, afinal, mais pequeno!<\/a><\/p>\n","protected":false},"excerpt":{"rendered":"<p>Resultado da investiga\u00e7\u00e3o \u00e9 manchete da Nature Uma equipa internacional de investigadores, da qual faz parte um grupo de investigadores de Coimbra e Aveiro \u2013 o investigador Joaquim Santos, da Universidade de Coimbra, coordenou&#46;&#46;&#46;<\/p>\n","protected":false},"author":1,"featured_media":21294,"comment_status":"open","ping_status":"open","sticky":false,"template":"","format":"standard","meta":{"_jetpack_memberships_contains_paid_content":false,"footnotes":""},"categories":[5],"tags":[34],"series":[],"class_list":["post-1995","post","type-post","status-publish","format-standard","has-post-thumbnail","hentry","category-divulgacao","tag-protao"],"views":1639,"jetpack_featured_media_url":"https:\/\/www.acasinhadamatematica.pt\/wp-content\/uploads\/2010\/07\/O_protao_e_afinal_mais_pequeno_520x245.png","jetpack_sharing_enabled":true,"jetpack_likes_enabled":true,"_links":{"self":[{"href":"https:\/\/www.acasinhadamatematica.pt\/index.php?rest_route=\/wp\/v2\/posts\/1995","targetHints":{"allow":["GET"]}}],"collection":[{"href":"https:\/\/www.acasinhadamatematica.pt\/index.php?rest_route=\/wp\/v2\/posts"}],"about":[{"href":"https:\/\/www.acasinhadamatematica.pt\/index.php?rest_route=\/wp\/v2\/types\/post"}],"author":[{"embeddable":true,"href":"https:\/\/www.acasinhadamatematica.pt\/index.php?rest_route=\/wp\/v2\/users\/1"}],"replies":[{"embeddable":true,"href":"https:\/\/www.acasinhadamatematica.pt\/index.php?rest_route=%2Fwp%2Fv2%2Fcomments&post=1995"}],"version-history":[{"count":0,"href":"https:\/\/www.acasinhadamatematica.pt\/index.php?rest_route=\/wp\/v2\/posts\/1995\/revisions"}],"wp:featuredmedia":[{"embeddable":true,"href":"https:\/\/www.acasinhadamatematica.pt\/index.php?rest_route=\/wp\/v2\/media\/21294"}],"wp:attachment":[{"href":"https:\/\/www.acasinhadamatematica.pt\/index.php?rest_route=%2Fwp%2Fv2%2Fmedia&parent=1995"}],"wp:term":[{"taxonomy":"category","embeddable":true,"href":"https:\/\/www.acasinhadamatematica.pt\/index.php?rest_route=%2Fwp%2Fv2%2Fcategories&post=1995"},{"taxonomy":"post_tag","embeddable":true,"href":"https:\/\/www.acasinhadamatematica.pt\/index.php?rest_route=%2Fwp%2Fv2%2Ftags&post=1995"},{"taxonomy":"series","embeddable":true,"href":"https:\/\/www.acasinhadamatematica.pt\/index.php?rest_route=%2Fwp%2Fv2%2Fseries&post=1995"}],"curies":[{"name":"wp","href":"https:\/\/api.w.org\/{rel}","templated":true}]}}