{"id":1984,"date":"2010-07-12T05:02:36","date_gmt":"2010-07-12T04:02:36","guid":{"rendered":"https:\/\/www.acasinhadamatematica.pt\/?p=1984"},"modified":"2022-02-10T02:23:31","modified_gmt":"2022-02-10T02:23:31","slug":"aviao-movido-a-energia-solar-completa-voo-de-26-horas","status":"publish","type":"post","link":"https:\/\/www.acasinhadamatematica.pt\/?p=1984","title":{"rendered":"Avi\u00e3o movido a energia solar completa voo de 26 horas"},"content":{"rendered":"<h5>Volta ao mundo prevista para 2013<\/h5>\n<!--YouTube Error: bad URL entered-->\n<p>O avi\u00e3o \u00ab<a href=\"http:\/\/www.solarimpulse.com\/\" target=\"_blank\" rel=\"noopener noreferrer\">Solar Impulse<\/a>\u00bb, que funciona apenas a energia solar, chegou ontem a bom porto depois de um voo experimental de 26 horas sem percal\u00e7os, abrindo a via para a realiza\u00e7\u00e3o de uma volta ao mundo, que est\u00e1 prevista para 2013. Imaginado pelo su\u00ed\u00e7o Bertrand Piccard, o avi\u00e3o aterrou na pista da base militar de Payerne, no oeste da Su\u00ed\u00e7a, comandado pelo piloto e co-fundador do projeto Andr\u00e9 Borschberg. Foi recebido com aplausos por uma centena de espectadores.<\/p>\n<p>O avi\u00e3o, cujas asas est\u00e3o cobertas por 12 mil c\u00e9lulas fotovoltaicas que alimentam os quatros motores el\u00e9tricos, tinha descolado na quarta-feira da pista da base militar de Payerne e realizou parte do voo de noite, numa viagem in\u00e9dita para o aparelho e para a equipa.<\/p>\n<p>As baterias de l\u00edtio-pol\u00edmero de 400 quilogramas instaladas no avi\u00e3o, que foram recarregadas pelos pain\u00e9is solares ao longo do dia de quarta-feira, forneceram a energia necess\u00e1ria para manter o aparelho no ar durante o voo noturno.<\/p>\n<p>\u201cSer\u00e1 um grande dia se tudo correr bem\u201d, declarou, pouco antes da descolagem, Bertrand Piccard, conhecido por ter feito a primeira volta ao mundo em bal\u00e3o sem escala h\u00e1 mais de dez anos.<\/p>\n<p>\u201cO objetivo \u00e9 voar sem carburante e mostrar que podemos ser muito menos dependentes da energia f\u00f3ssil do que pensamos\u201d, afirma.<\/p>\n<p>Andr\u00e9 Borschberg, antigo piloto de avi\u00f5es de combate, manteve-se 26 horas no ar a uma altitude superior a 8500 metros sem piloto autom\u00e1tico.<\/p>\n<p>Sete anos de trabalho foram necess\u00e1rios para concluir este avi\u00e3o, com uma envergadura de asas id\u00eantica \u00e0 de um Airbus A340 (63,40 metros) e um peso pluma de 1600 quilogramas.<\/p>\n<p style=\"text-align: center;\"><a href=\"https:\/\/www.acasinhadamatematica.pt\/wp-content\/uploads\/2010\/07\/Solar-Impulse-solar-plane.jpg\"><img loading=\"lazy\" decoding=\"async\" data-attachment-id=\"2014\" data-permalink=\"https:\/\/www.acasinhadamatematica.pt\/?attachment_id=2014\" data-orig-file=\"https:\/\/www.acasinhadamatematica.pt\/wp-content\/uploads\/2010\/07\/Solar-Impulse-solar-plane.jpg\" data-orig-size=\"640,376\" data-comments-opened=\"1\" data-image-meta=\"{&quot;aperture&quot;:&quot;9&quot;,&quot;credit&quot;:&quot;&quot;,&quot;camera&quot;:&quot;Canon EOS-1D Mark III&quot;,&quot;caption&quot;:&quot;&quot;,&quot;created_timestamp&quot;:&quot;1270630243&quot;,&quot;copyright&quot;:&quot;&quot;,&quot;focal_length&quot;:&quot;70&quot;,&quot;iso&quot;:&quot;640&quot;,&quot;shutter_speed&quot;:&quot;0.0005&quot;,&quot;title&quot;:&quot;&quot;}\" data-image-title=\"Solar-Impulse-solar-plane\" data-image-description=\"\" data-image-caption=\"\" data-large-file=\"https:\/\/www.acasinhadamatematica.pt\/wp-content\/uploads\/2010\/07\/Solar-Impulse-solar-plane.jpg\" class=\"aligncenter size-full wp-image-2014\" title=\"Solar-Impulse-solar-plane\" src=\"https:\/\/www.acasinhadamatematica.pt\/wp-content\/uploads\/2010\/07\/Solar-Impulse-solar-plane.jpg\" alt=\"\" width=\"640\" height=\"376\" srcset=\"https:\/\/www.acasinhadamatematica.pt\/wp-content\/uploads\/2010\/07\/Solar-Impulse-solar-plane.jpg 640w, https:\/\/www.acasinhadamatematica.pt\/wp-content\/uploads\/2010\/07\/Solar-Impulse-solar-plane-300x176.jpg 300w, https:\/\/www.acasinhadamatematica.pt\/wp-content\/uploads\/2010\/07\/Solar-Impulse-solar-plane-150x88.jpg 150w, https:\/\/www.acasinhadamatematica.pt\/wp-content\/uploads\/2010\/07\/Solar-Impulse-solar-plane-400x235.jpg 400w\" sizes=\"auto, (max-width: 640px) 100vw, 640px\" \/><\/a><\/p>\n<p>via Ci\u00eancia Hoje<sup>\u00ae<\/sup>:\u00a0<a href=\"https:\/\/web.archive.org\/web\/20140801195611\/http:\/\/cienciahoje.pt\/index.php?oid=43906&amp;op=all\" target=\"_blank\" rel=\"noopener noreferrer\">Avi\u00e3o movido a energia solar completa voo de 26 horas<\/a>.<\/p>\n","protected":false},"excerpt":{"rendered":"<p>Volta ao mundo prevista para 2013 O avi\u00e3o \u00abSolar Impulse\u00bb, que funciona apenas a energia solar, chegou ontem a bom porto depois de um voo experimental de 26 horas sem percal\u00e7os, abrindo a via&#46;&#46;&#46;<\/p>\n","protected":false},"author":1,"featured_media":21291,"comment_status":"open","ping_status":"open","sticky":false,"template":"","format":"standard","meta":{"_jetpack_memberships_contains_paid_content":false,"footnotes":""},"categories":[5],"tags":[33,32],"series":[],"class_list":["post-1984","post","type-post","status-publish","format-standard","has-post-thumbnail","hentry","category-divulgacao","tag-aviao","tag-energia-solar"],"views":1914,"jetpack_featured_media_url":"https:\/\/www.acasinhadamatematica.pt\/wp-content\/uploads\/2010\/07\/Aviao_movido_a_energia_solar_completa_voo_de_26_horas_520x245.png","jetpack_sharing_enabled":true,"jetpack_likes_enabled":true,"_links":{"self":[{"href":"https:\/\/www.acasinhadamatematica.pt\/index.php?rest_route=\/wp\/v2\/posts\/1984","targetHints":{"allow":["GET"]}}],"collection":[{"href":"https:\/\/www.acasinhadamatematica.pt\/index.php?rest_route=\/wp\/v2\/posts"}],"about":[{"href":"https:\/\/www.acasinhadamatematica.pt\/index.php?rest_route=\/wp\/v2\/types\/post"}],"author":[{"embeddable":true,"href":"https:\/\/www.acasinhadamatematica.pt\/index.php?rest_route=\/wp\/v2\/users\/1"}],"replies":[{"embeddable":true,"href":"https:\/\/www.acasinhadamatematica.pt\/index.php?rest_route=%2Fwp%2Fv2%2Fcomments&post=1984"}],"version-history":[{"count":0,"href":"https:\/\/www.acasinhadamatematica.pt\/index.php?rest_route=\/wp\/v2\/posts\/1984\/revisions"}],"wp:featuredmedia":[{"embeddable":true,"href":"https:\/\/www.acasinhadamatematica.pt\/index.php?rest_route=\/wp\/v2\/media\/21291"}],"wp:attachment":[{"href":"https:\/\/www.acasinhadamatematica.pt\/index.php?rest_route=%2Fwp%2Fv2%2Fmedia&parent=1984"}],"wp:term":[{"taxonomy":"category","embeddable":true,"href":"https:\/\/www.acasinhadamatematica.pt\/index.php?rest_route=%2Fwp%2Fv2%2Fcategories&post=1984"},{"taxonomy":"post_tag","embeddable":true,"href":"https:\/\/www.acasinhadamatematica.pt\/index.php?rest_route=%2Fwp%2Fv2%2Ftags&post=1984"},{"taxonomy":"series","embeddable":true,"href":"https:\/\/www.acasinhadamatematica.pt\/index.php?rest_route=%2Fwp%2Fv2%2Fseries&post=1984"}],"curies":[{"name":"wp","href":"https:\/\/api.w.org\/{rel}","templated":true}]}}