{"id":17886,"date":"2020-11-25T21:29:21","date_gmt":"2020-11-25T21:29:21","guid":{"rendered":"https:\/\/www.acasinhadamatematica.pt\/?p=17886"},"modified":"2020-11-25T22:41:42","modified_gmt":"2020-11-25T22:41:42","slug":"las-sombras-de-gaudi","status":"publish","type":"post","link":"https:\/\/www.acasinhadamatematica.pt\/?p=17886","title":{"rendered":"Las sombras de Gaud\u00ed"},"content":{"rendered":"\n<figure class=\"wp-block-image size-large\"><img loading=\"lazy\" decoding=\"async\" width=\"1024\" height=\"392\" data-attachment-id=\"17899\" data-permalink=\"https:\/\/www.acasinhadamatematica.pt\/?attachment_id=17899\" data-orig-file=\"https:\/\/www.acasinhadamatematica.pt\/wp-content\/uploads\/2020\/11\/Las_sombras_de_Gaudi_s.jpg\" data-orig-size=\"1280,490\" data-comments-opened=\"1\" data-image-meta=\"{&quot;aperture&quot;:&quot;0&quot;,&quot;credit&quot;:&quot;&quot;,&quot;camera&quot;:&quot;&quot;,&quot;caption&quot;:&quot;&quot;,&quot;created_timestamp&quot;:&quot;0&quot;,&quot;copyright&quot;:&quot;&quot;,&quot;focal_length&quot;:&quot;0&quot;,&quot;iso&quot;:&quot;0&quot;,&quot;shutter_speed&quot;:&quot;0&quot;,&quot;title&quot;:&quot;&quot;,&quot;orientation&quot;:&quot;0&quot;}\" data-image-title=\"Las_sombras_de_Gaudi_s\" data-image-description=\"\" data-image-caption=\"\" data-large-file=\"https:\/\/www.acasinhadamatematica.pt\/wp-content\/uploads\/2020\/11\/Las_sombras_de_Gaudi_s-1024x392.jpg\" src=\"https:\/\/www.acasinhadamatematica.pt\/wp-content\/uploads\/2020\/11\/Las_sombras_de_Gaudi_s-1024x392.jpg\" alt=\"\" class=\"wp-image-17899\" srcset=\"https:\/\/www.acasinhadamatematica.pt\/wp-content\/uploads\/2020\/11\/Las_sombras_de_Gaudi_s-1024x392.jpg 1024w, https:\/\/www.acasinhadamatematica.pt\/wp-content\/uploads\/2020\/11\/Las_sombras_de_Gaudi_s-300x115.jpg 300w, https:\/\/www.acasinhadamatematica.pt\/wp-content\/uploads\/2020\/11\/Las_sombras_de_Gaudi_s-768x294.jpg 768w, https:\/\/www.acasinhadamatematica.pt\/wp-content\/uploads\/2020\/11\/Las_sombras_de_Gaudi_s.jpg 1280w\" sizes=\"auto, (max-width: 1024px) 100vw, 1024px\" \/><\/figure>\n\n\n\n<p>El rastro de Gaud\u00ed en Barcelona se ha convertido en una atracci\u00f3n monumental para visitantes de cualquier parte del mundo, pero cuando el 26 de junio de 1926 muri\u00f3 un sant\u00f3n indigente atropellado por un tranv\u00eda pocos lamentaron la p\u00e9rdida del genio <a href=\"https:\/\/en.wikipedia.org\/wiki\/Antoni_Gaud%C3%AD\" target=\"_blank\" rel=\"noopener noreferrer\">Antoni Gaud\u00ed.<\/a> Hasta la actualidad, poco se ha sabido de su vida, marcada por la tragedia familiar; de su concepci\u00f3n de arquitectura revolucionaria en cuanto a estructuras y renovadora de la tradici\u00f3n religiosa; de la relaci\u00f3n que mantuvo con los conflictos de su tiempo, implicado en el auge y ca\u00edda de la burgues\u00eda barcelonesa y su proyecto de sociedad. Este documental sigue la vida del genial arquitecto, profundizando en la implicaciones personales e hist\u00f3ricas de su obra m\u00e1s emblem\u00e1tica.<\/p>\n<ul style=\"list-style-type: square;\">\n<li>Fonte: <a href=\"http:\/\/catalanfilms.cat\/es\" target=\"_blank\" rel=\"noopener noreferrer\">catalanfilms&amp;tv<\/a> | <a href=\"http:\/\/catalanfilms.cat\/es\/producciones\/las-sombras-de-gaudi\" target=\"_blank\" rel=\"noopener noreferrer\">Las sombras de Gaud\u00ed<\/a><\/li>\n<\/ul>\n\n\n\n<div style=\"height:35px\" aria-hidden=\"true\" class=\"wp-block-spacer\"><\/div>\n\n\n\n<div class=\"epyt-video-wrapper\"><iframe loading=\"lazy\"  id=\"_ytid_32044\"  width=\"480\" height=\"270\"  data-origwidth=\"480\" data-origheight=\"270\" src=\"https:\/\/www.youtube.com\/embed\/HFykJMI9gBg?enablejsapi=1&#038;origin=https:\/\/www.acasinhadamatematica.pt&#038;list=PLIzijfJ5zh9egg0ycYe-L-7AM_E_jQ9gN&#038;autoplay=0&#038;cc_load_policy=0&#038;cc_lang_pref=&#038;iv_load_policy=1&#038;loop=0&#038;rel=1&#038;fs=1&#038;playsinline=0&#038;autohide=2&#038;hl=pt_PT&#038;theme=dark&#038;color=red&#038;controls=1&#038;disablekb=0&#038;\" class=\"__youtube_prefs__  epyt-is-override  no-lazyload\" title=\"YouTube player\"  allow=\"fullscreen; accelerometer; autoplay; clipboard-write; encrypted-media; gyroscope; picture-in-picture; web-share\" referrerpolicy=\"strict-origin-when-cross-origin\" allowfullscreen data-no-lazy=\"1\" data-skipgform_ajax_framebjll=\"\"><\/iframe><\/div>\n\n\n\n<div style=\"height:50px\" aria-hidden=\"true\" class=\"wp-block-spacer\"><\/div>\n\n\n\n<h5>Vers\u00e3o Catal\u00e3<\/h5>\n\n\n\n<style>.embed-container { position: relative; padding-bottom: 56.25%; height: 0; overflow: hidden; max-width: 100%; } .embed-container iframe, .embed-container object, .embed-container embed { position: absolute; top: 0; left: 0; width: 100%; height: 100%; }<\/style><div class=\"embed-container\"><iframe src=\"https:\/\/www.youtube.com\/embed\/u3tByhPkyi0\" frameborder=\"0\" allowfullscreen=\"\"><\/iframe><\/div>\n\n\n\n<div style=\"height:50px\" aria-hidden=\"true\" class=\"wp-block-spacer\"><\/div>\n\n\n\n<p><strong>Hiperliga\u00e7\u00f5es relacionadas<\/strong>:<\/p>\n<ul>\n<li><a href=\"https:\/\/www.casabatllo.es\/en\/antoni-gaudi\/\" target=\"_blank\" rel=\"noopener noreferrer\">Gaud\u00ed\u2019s life and works<\/a><\/li>\n<li><a href=\"http:\/\/www.gaudidesigner.com\/uk\/index.html\" target=\"_blank\" rel=\"noopener noreferrer\">Overview of Gaud\u00ed\u2019s major works<\/a><\/li>\n<li><a href=\"https:\/\/fundacionantoniogaudi.org\/\" target=\"_blank\" rel=\"noopener noreferrer\">Fundaci\u00f3n Antonio Gaud\u00ed<\/a><\/li>\n<\/ul>\n","protected":false},"excerpt":{"rendered":"<p>El rastro de Gaud\u00ed en Barcelona se ha convertido en una atracci\u00f3n monumental para visitantes de cualquier parte del mundo, pero cuando el 26 de junio de 1926 muri\u00f3 un sant\u00f3n indigente atropellado por&#46;&#46;&#46;<\/p>\n","protected":false},"author":1,"featured_media":17897,"comment_status":"open","ping_status":"open","sticky":false,"template":"","format":"standard","meta":{"_jetpack_memberships_contains_paid_content":false,"footnotes":""},"categories":[4,7],"tags":[616,421,618,200],"series":[],"class_list":["post-17886","post","type-post","status-publish","format-standard","has-post-thumbnail","hentry","category-ciencia-e-tecnologia","category-video","tag-arquitetura","tag-ciencia","tag-gaudi","tag-video-2"],"views":708,"jetpack_featured_media_url":"https:\/\/www.acasinhadamatematica.pt\/wp-content\/uploads\/2020\/11\/Las_sombras_de_Gaudi.png","jetpack_sharing_enabled":true,"jetpack_likes_enabled":true,"_links":{"self":[{"href":"https:\/\/www.acasinhadamatematica.pt\/index.php?rest_route=\/wp\/v2\/posts\/17886","targetHints":{"allow":["GET"]}}],"collection":[{"href":"https:\/\/www.acasinhadamatematica.pt\/index.php?rest_route=\/wp\/v2\/posts"}],"about":[{"href":"https:\/\/www.acasinhadamatematica.pt\/index.php?rest_route=\/wp\/v2\/types\/post"}],"author":[{"embeddable":true,"href":"https:\/\/www.acasinhadamatematica.pt\/index.php?rest_route=\/wp\/v2\/users\/1"}],"replies":[{"embeddable":true,"href":"https:\/\/www.acasinhadamatematica.pt\/index.php?rest_route=%2Fwp%2Fv2%2Fcomments&post=17886"}],"version-history":[{"count":0,"href":"https:\/\/www.acasinhadamatematica.pt\/index.php?rest_route=\/wp\/v2\/posts\/17886\/revisions"}],"wp:featuredmedia":[{"embeddable":true,"href":"https:\/\/www.acasinhadamatematica.pt\/index.php?rest_route=\/wp\/v2\/media\/17897"}],"wp:attachment":[{"href":"https:\/\/www.acasinhadamatematica.pt\/index.php?rest_route=%2Fwp%2Fv2%2Fmedia&parent=17886"}],"wp:term":[{"taxonomy":"category","embeddable":true,"href":"https:\/\/www.acasinhadamatematica.pt\/index.php?rest_route=%2Fwp%2Fv2%2Fcategories&post=17886"},{"taxonomy":"post_tag","embeddable":true,"href":"https:\/\/www.acasinhadamatematica.pt\/index.php?rest_route=%2Fwp%2Fv2%2Ftags&post=17886"},{"taxonomy":"series","embeddable":true,"href":"https:\/\/www.acasinhadamatematica.pt\/index.php?rest_route=%2Fwp%2Fv2%2Fseries&post=17886"}],"curies":[{"name":"wp","href":"https:\/\/api.w.org\/{rel}","templated":true}]}}