{"id":153,"date":"2010-01-14T23:41:43","date_gmt":"2010-01-14T23:41:43","guid":{"rendered":"https:\/\/www.acasinhadamatematica.pt\/?p=153"},"modified":"2022-02-10T11:34:17","modified_gmt":"2022-02-10T11:34:17","slug":"fisicos-europeus-em-sesimbra-para-experiencia-de-ponta","status":"publish","type":"post","link":"https:\/\/www.acasinhadamatematica.pt\/?p=153","title":{"rendered":"F\u00edsicos europeus em Sesimbra para experi\u00eancia de ponta"},"content":{"rendered":"<p><a href=\"https:\/\/www.acasinhadamatematica.pt\/wp-content\/uploads\/2010\/01\/31210.jpg\"><em><img loading=\"lazy\" decoding=\"async\" data-attachment-id=\"152\" data-permalink=\"https:\/\/www.acasinhadamatematica.pt\/?attachment_id=152\" data-orig-file=\"https:\/\/www.acasinhadamatematica.pt\/wp-content\/uploads\/2010\/01\/31210.jpg\" data-orig-size=\"320,209\" data-comments-opened=\"1\" data-image-meta=\"{&quot;aperture&quot;:&quot;0&quot;,&quot;credit&quot;:&quot;&quot;,&quot;camera&quot;:&quot;&quot;,&quot;caption&quot;:&quot;&quot;,&quot;created_timestamp&quot;:&quot;0&quot;,&quot;copyright&quot;:&quot;&quot;,&quot;focal_length&quot;:&quot;0&quot;,&quot;iso&quot;:&quot;0&quot;,&quot;shutter_speed&quot;:&quot;0&quot;,&quot;title&quot;:&quot;&quot;}\" data-image-title=\"31210\" data-image-description=\"\" data-image-caption=\"\" data-large-file=\"https:\/\/www.acasinhadamatematica.pt\/wp-content\/uploads\/2010\/01\/31210.jpg\" class=\"alignright wp-image-152 size-full\" title=\"31210\" src=\"https:\/\/www.acasinhadamatematica.pt\/wp-content\/uploads\/2010\/01\/31210.jpg\" alt=\"\" width=\"320\" height=\"209\" srcset=\"https:\/\/www.acasinhadamatematica.pt\/wp-content\/uploads\/2010\/01\/31210.jpg 320w, https:\/\/www.acasinhadamatematica.pt\/wp-content\/uploads\/2010\/01\/31210-300x195.jpg 300w, https:\/\/www.acasinhadamatematica.pt\/wp-content\/uploads\/2010\/01\/31210-150x97.jpg 150w\" sizes=\"auto, (max-width: 320px) 100vw, 320px\" \/><\/em><\/a><em>F\u00edsicos de nove pa\u00edses europeus est\u00e3o reunidos em Sesimbra at\u00e9 domingo para ultimar os preparativos de uma experi\u00eancia que pretende dar a conhecer a face da massa da mat\u00e9ria que ficou fora das investiga\u00e7\u00f5es conduzidas no novo acelerador LHC do CERN.<\/em><\/p>\n<p><em>Portugal \u00e9 um dos pa\u00edses parceiros do projeto, que resulta de uma colabora\u00e7\u00e3o entre 17 institui\u00e7\u00f5es europeias. A equipa portuguesa re\u00fane investigadores do Laborat\u00f3rio de Instrumenta\u00e7\u00e3o e F\u00edsica Experimental de Part\u00edculas (LIP), sedeado em Coimbra, liderados pelo cientista Paulo Fonte.<\/em><\/p>\n<p><a name=\"cont\"><\/a>O Projeto HADES procura saber de onde vem a massa das part\u00edculas. Atualmente sabe-se que a parte da mat\u00e9ria tem duas faces: uma \u00e9 a massa das pr\u00f3prias part\u00edculas que a constituem, enquanto que a outra est\u00e1 associada \u00e0 energia contida na for\u00e7a de liga\u00e7\u00e3o entre elas e que as mant\u00e9m juntas.<\/p>\n<p>A primeira face \u2013 das pr\u00f3prias part\u00edculas \u2013 tem sido estudada em diversas experi\u00eancias, entre os quais as investiga\u00e7\u00f5es associadas ao novo acelerador LHC do CERN. A segunda parcela, significativamente maior do que a primeira, \u00e9 precisamente o alvo da experi\u00eancia HADES.<\/p>\n<p>O HADES (High Acceptance Di Electron Spectrometer) \u00e9 um sistema de dete\u00e7\u00e3o constru\u00eddo entre 1996 e 2002 em Darmstadt, Alemanha, no \u00e2mbito de uma colabora\u00e7\u00e3o entre cientistas da Alemanha, R\u00fassia, Portugal, Espanha, Fran\u00e7a, It\u00e1lia, Pol\u00f3nia, Rep\u00fablica Checa e Chipre.<\/p>\n<p>A participa\u00e7\u00e3o portuguesa nesta experi\u00eancia, assegurada por uma equipa do LIP, consiste no proje\u00e7\u00e3o, constru\u00e7\u00e3o e opera\u00e7\u00e3o de um detector de part\u00edculas de conce\u00e7\u00e3o original que ajudar\u00e1 a identificar com mais rigor o tipo de part\u00edculas que emergem das referidas colis\u00f5es nucleares.<\/p>\n<p><strong>Medir o tempo<\/strong><\/p>\n<p>Este novo sistema ser\u00e1 capaz de medir o tempo de voo das part\u00edculas (desde o ponto da colis\u00e3o at\u00e9 ao detector) com uma precis\u00e3o equivalente ao tempo que demora a luz a percorrer uma dist\u00e2ncia de tr\u00eas cent\u00edmetros (cem picosegundos). Esta informa\u00e7\u00e3o permite por sua vez determinar a velocidade das part\u00edculas, o que \u00e9 um passo importante para identificar o tipo de part\u00edcula de que se trata.<\/p>\n<p>Realizados j\u00e1 nos anos transatos os diversos passos de I&amp;D, neste momento o detector encontra-se em fase final de produ\u00e7\u00e3o, devendo ser instalado em HADES ao longo do ano de 2009.<\/p>\n<p>Uma vez em funcionamento, o que dever\u00e1 acontecer em 2010, o detector permitir\u00e1 estudar um aspeto particular da F\u00edsica Nuclear que tem relev\u00e2ncia para a estabilidade das estrelas de neutr\u00f5es, objetos celestes ex\u00f3ticos de grande interesse para a Astronomia e a Astrof\u00edsica.<\/p>\n<p>A constru\u00e7\u00e3o deste detector foi financiada pelo GSI Helmholtz Centre for Heavy Ion Research GmbH e pela EU atrav\u00e9s do programa <strong>\u201cConstru\u00e7\u00e3o de infraestruturas cient\u00edficas\u201d,<\/strong> coadjuvada por um importante empenhamento nacional de infraestruturas cientificas pr\u00e9-existentes, principalmente no LIP. Estiveram igualmente implicados no projeto a Escola Superior de Tecnologia e Gest\u00e3o do Instituto Polit\u00e9cnico de Leiria, que projetou e construiu, em colabora\u00e7\u00e3o com a ind\u00fastria local, a maioria dos componentes mec\u00e2nicos do detector.<\/p>\n<p>via Ci\u00eancia Hoje<sup>\u00ae<\/sup>: <a href=\"https:\/\/web.archive.org\/web\/20140717230215\/http:\/\/cienciahoje.pt\/index.php?oid=31209&amp;op=all\" target=\"_blank\" rel=\"noopener noreferrer\">F\u00edsicos europeus em Sesimbra para experi\u00eancia de ponta<\/a><\/p>\n","protected":false},"excerpt":{"rendered":"<p>F\u00edsicos de nove pa\u00edses europeus est\u00e3o reunidos em Sesimbra at\u00e9 domingo para ultimar os preparativos de uma experi\u00eancia que pretende dar a conhecer a face da massa da mat\u00e9ria que ficou fora das investiga\u00e7\u00f5es&#46;&#46;&#46;<\/p>\n","protected":false},"author":1,"featured_media":21296,"comment_status":"open","ping_status":"open","sticky":false,"template":"","format":"standard","meta":{"_jetpack_memberships_contains_paid_content":false,"footnotes":""},"categories":[5],"tags":[36,35],"series":[],"class_list":["post-153","post","type-post","status-publish","format-standard","has-post-thumbnail","hentry","category-divulgacao","tag-lhc","tag-massa-das-particulas"],"views":1993,"jetpack_featured_media_url":"https:\/\/www.acasinhadamatematica.pt\/wp-content\/uploads\/2010\/01\/Fisicos_europeus_em_Sesimbra_para_experiencia_de_ponta_520x245.png","jetpack_sharing_enabled":true,"jetpack_likes_enabled":true,"_links":{"self":[{"href":"https:\/\/www.acasinhadamatematica.pt\/index.php?rest_route=\/wp\/v2\/posts\/153","targetHints":{"allow":["GET"]}}],"collection":[{"href":"https:\/\/www.acasinhadamatematica.pt\/index.php?rest_route=\/wp\/v2\/posts"}],"about":[{"href":"https:\/\/www.acasinhadamatematica.pt\/index.php?rest_route=\/wp\/v2\/types\/post"}],"author":[{"embeddable":true,"href":"https:\/\/www.acasinhadamatematica.pt\/index.php?rest_route=\/wp\/v2\/users\/1"}],"replies":[{"embeddable":true,"href":"https:\/\/www.acasinhadamatematica.pt\/index.php?rest_route=%2Fwp%2Fv2%2Fcomments&post=153"}],"version-history":[{"count":0,"href":"https:\/\/www.acasinhadamatematica.pt\/index.php?rest_route=\/wp\/v2\/posts\/153\/revisions"}],"wp:featuredmedia":[{"embeddable":true,"href":"https:\/\/www.acasinhadamatematica.pt\/index.php?rest_route=\/wp\/v2\/media\/21296"}],"wp:attachment":[{"href":"https:\/\/www.acasinhadamatematica.pt\/index.php?rest_route=%2Fwp%2Fv2%2Fmedia&parent=153"}],"wp:term":[{"taxonomy":"category","embeddable":true,"href":"https:\/\/www.acasinhadamatematica.pt\/index.php?rest_route=%2Fwp%2Fv2%2Fcategories&post=153"},{"taxonomy":"post_tag","embeddable":true,"href":"https:\/\/www.acasinhadamatematica.pt\/index.php?rest_route=%2Fwp%2Fv2%2Ftags&post=153"},{"taxonomy":"series","embeddable":true,"href":"https:\/\/www.acasinhadamatematica.pt\/index.php?rest_route=%2Fwp%2Fv2%2Fseries&post=153"}],"curies":[{"name":"wp","href":"https:\/\/api.w.org\/{rel}","templated":true}]}}