{"id":15062,"date":"2018-10-06T16:29:41","date_gmt":"2018-10-06T15:29:41","guid":{"rendered":"https:\/\/www.acasinhadamatematica.pt\/?p=15062"},"modified":"2018-10-31T00:01:28","modified_gmt":"2018-10-31T00:01:28","slug":"historias-da-ciencia-as-segundas-feiras-no-publico","status":"publish","type":"post","link":"https:\/\/www.acasinhadamatematica.pt\/?p=15062","title":{"rendered":"&#8220;Hist\u00f3rias da Ci\u00eancia&#8221;, \u00e0s segundas-feiras, no P\u00fablico"},"content":{"rendered":"<p>Desde 4 de Junho de 2018, o Jornal P\u00fablico come\u00e7ou a publicar, \u00e0s segundas-feiras, uma s\u00e9rie de artigos dedicados \u00e0 hist\u00f3ria da ci\u00eancia.<\/p>\n<div class=\"content\">\n<p><a href=\"https:\/\/www.acasinhadamatematica.pt\/wp-content\/uploads\/2018\/10\/HC.png\"><img loading=\"lazy\" decoding=\"async\" data-attachment-id=\"15068\" data-permalink=\"https:\/\/www.acasinhadamatematica.pt\/?attachment_id=15068\" data-orig-file=\"https:\/\/www.acasinhadamatematica.pt\/wp-content\/uploads\/2018\/10\/HC.png\" data-orig-size=\"500,500\" data-comments-opened=\"1\" data-image-meta=\"{&quot;aperture&quot;:&quot;0&quot;,&quot;credit&quot;:&quot;&quot;,&quot;camera&quot;:&quot;&quot;,&quot;caption&quot;:&quot;&quot;,&quot;created_timestamp&quot;:&quot;0&quot;,&quot;copyright&quot;:&quot;&quot;,&quot;focal_length&quot;:&quot;0&quot;,&quot;iso&quot;:&quot;0&quot;,&quot;shutter_speed&quot;:&quot;0&quot;,&quot;title&quot;:&quot;&quot;,&quot;orientation&quot;:&quot;0&quot;}\" data-image-title=\"Hist\u00f3rias da Ci\u00eancia\" data-image-description=\"\" data-image-caption=\"\" data-large-file=\"https:\/\/www.acasinhadamatematica.pt\/wp-content\/uploads\/2018\/10\/HC.png\" class=\"size-medium wp-image-15068 alignright\" src=\"https:\/\/www.acasinhadamatematica.pt\/wp-content\/uploads\/2018\/10\/HC-300x300.png\" alt=\"\" width=\"300\" height=\"300\" srcset=\"https:\/\/www.acasinhadamatematica.pt\/wp-content\/uploads\/2018\/10\/HC-300x300.png 300w, https:\/\/www.acasinhadamatematica.pt\/wp-content\/uploads\/2018\/10\/HC-150x150.png 150w, https:\/\/www.acasinhadamatematica.pt\/wp-content\/uploads\/2018\/10\/HC-160x160.png 160w, https:\/\/www.acasinhadamatematica.pt\/wp-content\/uploads\/2018\/10\/HC-320x320.png 320w, https:\/\/www.acasinhadamatematica.pt\/wp-content\/uploads\/2018\/10\/HC.png 500w\" sizes=\"auto, (max-width: 300px) 100vw, 300px\" \/><\/a>A organiza\u00e7\u00e3o da s\u00e9rie est\u00e1 a cargo dos investigadores do projecto\u00a0<a href=\"http:\/\/ciuhct.org\/investigacao\/medieval-and-early-modern-nautical-charts\" target=\"_blank\" rel=\"noopener\">Medea Chart<\/a>, com coordena\u00e7\u00e3o e edi\u00e7\u00e3o dos textos por\u00a0Joaquim Alves Gaspar e Ana Margarida Nunes, a partir de um conceito de Henrique Leit\u00e3o.<\/p>\n<ol>\n<li><a class=\"link-externo\" href=\"https:\/\/www.publico.pt\/2018\/06\/04\/ciencia\/ensaio\/o-misterio-da-carta-portulano-1832902\" target=\"_blank\" rel=\"noopener\">&#8220;O\u00a0mist\u00e9rio da carta-portulano&#8221;<\/a>, de\u00a0<a href=\"http:\/\/ciuhct.org\/membros\/joaquim-alves-gaspar\" target=\"_blank\" rel=\"noopener\">Joaquim Alves Gaspar<\/a>, coordenador do projecto, antecipou\u00a0os temas em discuss\u00e3o no 2\u00ba workshop internacional\u00a0<em>On the origin and evolution of Portolan charts<\/em>, que decorreu no in\u00edcio de junho no Instituto Hidrogr\u00e1fico.<\/li>\n<li><a class=\"link-externo\" href=\"https:\/\/www.publico.pt\/2018\/06\/11\/ciencia\/ensaio\/o-misterioso-mapa-de-piri-reis-de-1513-1833757\" target=\"_blank\" rel=\"noopener\">&#8220;O misterioso mapa de Piri Reis de 1513&#8221;<\/a>,\u00a0de\u00a0<a href=\"http:\/\/ciuhct.org\/membros\/gregory-mcintosh\" target=\"_blank\" rel=\"noopener\">Gregory McIntosh<\/a>, doutorando do projecto Medea, foca-se nos enigmas de um\u00a0conhecido mapa do almirante otomano Piri Reis.\u00a0<\/li>\n<li><a class=\"link-externo\" href=\"https:\/\/www.publico.pt\/2018\/06\/18\/ciencia\/ensaio\/galileu-chegou-a-china-no-texto-de-um-portugues-1834316\" target=\"_blank\" rel=\"noopener\">&#8220;Galileu chegou \u00e0 China no texto de um portugu\u00eas&#8221;<\/a>, de\u00a0<a href=\"http:\/\/ciuhct.org\/membros\/henrique-leitao\" target=\"_blank\" rel=\"noopener\">Henrique Leit\u00e3o<\/a>, diz respeito \u00e0 circula\u00e7\u00e3o das descobertas astron\u00f3micas de Galileu\u00a0para o Extremo Oriente, pela m\u00e3o de um mission\u00e1rio jesu\u00edta, e por outro lado, \u00e0 recep\u00e7\u00e3o das mesmas ideias no Col\u00e9gio de Santo Ant\u00e3o, em Lisboa.<\/li>\n<li><a class=\"link-externo\" href=\"https:\/\/www.publico.pt\/2018\/06\/25\/ciencia\/noticia\/a-geografia-de-ptolomeu-ou-o-texto-obsoleto-mais-importante-de-sempre-1835095\" target=\"_blank\" rel=\"noopener\">&#8220;A\u00a0<em>Geografia<\/em>\u00a0de Ptolomeu ou o texto obsoleto mais importante de sempre&#8221;<\/a>, de\u00a0<a href=\"http:\/\/ciuhct.org\/membros\/bruno-almeida\" target=\"_blank\" rel=\"noopener\">Bruno Almeida<\/a>, investigador de p\u00f3s-doutoramento do projecto, trata do impacto\u00a0da redescoberta e tradu\u00e7\u00e3o desta obra de Ptolomeu na imagem do mundo estabelecida no s\u00e9culo XV.<\/li>\n<li><a class=\"link-externo\" href=\"https:\/\/www.publico.pt\/2018\/07\/02\/ciencia\/ensaio\/o-giro-dos-astros-ou-como-do-universo-se-fez-uma-bola-de-aneis-1836333\" target=\"_blank\" rel=\"noopener\">&#8220;O giro dos astros, ou como do Universo se fez uma bola de an\u00e9is&#8221;<\/a>, de\u00a0<a href=\"http:\/\/ciuhct.org\/membros\/carlos-godinho\" target=\"_blank\" rel=\"noopener\">Carlos Godinho<\/a>, doutorando do Departamento de Hist\u00f3ria e Filosofia das Ci\u00eancias da FCUL, membro do CIUHCT, trata das origens da esfera armilar e aborda sucintamente a tradi\u00e7\u00e3o do seu uso em iconografia nacionalista portuguesa.<\/li>\n<li><a class=\"link-externo\" href=\"https:\/\/www.publico.pt\/2018\/07\/09\/ciencia\/ensaio\/contar-historias-sobre-desenhos-os-diagramas-na-geometria-grega-antiga-1837083\" target=\"_blank\" rel=\"noopener\">&#8220;Contar hist\u00f3rias sobre desenhos: os diagramas na geometria grega antiga&#8221;<\/a>,\u00a0de\u00a0<a href=\"http:\/\/ciuhct.org\/membros\/jaume-sastre-juan\" target=\"_blank\" rel=\"noopener\">Jaume Sastre-Juan<\/a>, diz respeito \u00e0s ferramentas cognitivas e ao modo persuasivo da matem\u00e1tica grega antiga, analisando o seu\u00a0<em>modus operandi\u00a0<\/em>e a sua depend\u00eancia de diagramas.<\/li>\n<li><a class=\"link-externo\" href=\"https:\/\/www.publico.pt\/2018\/07\/16\/ciencia\/ensaio\/os-mapas-do-brasil-desenhados-pelos-padres-matematicos-no-seculo-xviii-1837833\" target=\"_blank\" rel=\"noopener\">&#8220;Os mapas do Brasil desenhados pelos padres matem\u00e1ticos no s\u00e9culo XVIII&#8221;<\/a>, de\u00a0<a href=\"http:\/\/ciuhct.org\/membros\/andre-ferrand-de-almeida\" target=\"_blank\" rel=\"noopener\">Andr\u00e9 Ferrand de Almeida<\/a>, doutorando do projecto Medea Chart,\u00a0fala-nos sobre o impacto dos trabalhos de cartografia terrestre de dois padres jesu\u00edtas, no Brasil oitocentista.<\/li>\n<li><a class=\"link-externo\" href=\"https:\/\/www.publico.pt\/2018\/07\/23\/ciencia\/ensaio\/os-tesouros-escondidos-de-um-matematico-ingles-em-lisboa-1838584\" target=\"_blank\" rel=\"noopener\">&#8220;Os tesouros escondidos de um matem\u00e1tico ingl\u00eas em Lisboa&#8221;<\/a>, de\u00a0<a href=\"http:\/\/ciuhct.org\/membros\/samuel-gessner\" target=\"_blank\" rel=\"noopener\">Samuel Gessner<\/a>, fala-nos da recep\u00e7\u00e3o do conceito de\u00a0logaritmo\u00a0em Portugal, no s\u00e9culo XVII, a partir de\u00a0um instrumento descoberto no Museu Nacional de Hist\u00f3ria Natural e da Ci\u00eancia, em 1999.<\/li>\n<li><a class=\"link-externo\" href=\"https:\/\/www.publico.pt\/2018\/07\/30\/ciencia\/ensaio\/seria-a-terra-redonda-em-1500-1839314\" target=\"_blank\" rel=\"noopener\">&#8220;Seria a Terra redonda em 1500?&#8221;<\/a>,\u00a0de\u00a0<a href=\"http:\/\/ciuhct.org\/membros\/joaquim-alves-gaspar\" target=\"_blank\" rel=\"noopener\">Joaquim Alves Gaspar<\/a>,\u00a0reflecte sobre a\u00a0relev\u00e2ncia t\u00e9cnica e estrat\u00e9gica da curvatura e do tamanho da Terra na chegada ao s\u00e9culo XVI.\u00a0<\/li>\n<li><a class=\"link-externo\" href=\"https:\/\/www.publico.pt\/2018\/08\/06\/ciencia\/ensaio\/da-astronomia-aos-bons-costumes-a-inquisicao-e-a-ciencia-na-idade-moderna-1839671\" target=\"_blank\" rel=\"noopener\">&#8220;Da astronomia aos bons costumes: a Inquisi\u00e7\u00e3o e a censura cient\u00edfica&#8221;<\/a>, de\u00a0<a href=\"http:\/\/ciuhct.org\/membros\/francisco-malta-romeiras\" target=\"_blank\" rel=\"noopener\">Francisco Malta Romeiras<\/a>,\u00a0emerge do seu trabalho de p\u00f3s-doutoramento, e descreve algumas mat\u00e9rias cient\u00edficas que a Inquisi\u00e7\u00e3o rasurava dos livros editados em Portugal.\u00a0<\/li>\n<li><a class=\"link-externo\" href=\"https:\/\/www.publico.pt\/2018\/08\/13\/ciencia\/noticia\/a-ciencia-em-lugar-inesperado-1840570\" target=\"_blank\" rel=\"noopener\">&#8220;A ci\u00eancia em lugar inesperado&#8221;<\/a>, de\u00a0<a href=\"http:\/\/ciuhct.org\/membros\/luana-giurgevich\" target=\"_blank\" rel=\"noopener\">Luana Giurgevich<\/a>, tamb\u00e9m decorrente de um trabalho de p\u00f3s-doutoramento em curso, reporta \u00e0 circula\u00e7\u00e3o dos livros cient\u00edficos em institui\u00e7\u00f5es religiosas, descrevendo algumas curiosidades sobre as bibliotecas eclesi\u00e1sticas em Portugal, entre os s\u00e9culos XVIII e XIX.<\/li>\n<li><a class=\"link-externo\" href=\"https:\/\/www.publico.pt\/2018\/08\/20\/ciencia\/ensaio\/os-automata-ou-robos-dos-jardins-1841193\" target=\"_blank\" rel=\"noopener\">&#8220;Os automata ou \u201crob\u00f4s\u201d dos jardins&#8221;<\/a>, de\u00a0<a href=\"http:\/\/ciuhct.org\/membros\/ana-duarte-rodrigues\" target=\"_blank\" rel=\"noopener\">Ana Duarte Rodrigues<\/a>, aborda os sofisticados bonecos mec\u00e2nicos dos jardins renascentistas, animados com energia hidr\u00e1ulica, cruzando um car\u00e1cter l\u00fadico, mas tamb\u00e9m estrat\u00e9gico, de\u00a0exibi\u00e7\u00e3o de poder e &#8220;modernidade&#8221; do propriet\u00e1rio.<\/li>\n<li><a class=\"link-externo\" href=\"https:\/\/www.publico.pt\/2018\/08\/27\/ciencia\/ensaio\/planisferio-de-cantino-um-mapa-para-o-mundo-quase-inteiro-1841841\" target=\"_blank\" rel=\"noopener\">&#8220;Planisf\u00e9rio de Cantino: Um mapa para o mundo (quase) inteiro&#8221;<\/a>, de\u00a0<a href=\"http:\/\/ciuhct.org\/membros\/joaquim-alves-gaspar\" target=\"_blank\" rel=\"noopener\">Joaquim Alves Gaspar<\/a>, reporta-nos a um importante documento cartogr\u00e1fico de transi\u00e7\u00e3o entre as cartas n\u00e1uticas tradicionais (as cartas-portulano) e aquelas baseadas em observa\u00e7\u00f5es astron\u00f3micas.\u00a0<\/li>\n<li><a class=\"link-externo\" href=\"https:\/\/www.publico.pt\/2018\/09\/03\/ciencia\/ensaio\/o-jogo-de-preceitos-morais-de-joao-de-barros-1842258\" target=\"_blank\" rel=\"noopener\">&#8220;O jogo de preceitos morais de Jo\u00e3o de Barros&#8221;<\/a>, de\u00a0<a href=\"http:\/\/ciuhct.org\/membros\/jorge-nuno-silva\" target=\"_blank\" rel=\"noopener\">Jorge Nuno Silva<\/a>, analisa um dos livros pedag\u00f3gicos do conhecido historiador, uma adapta\u00e7\u00e3o da \u00c9tica de Arist\u00f3teles a um jogo de t\u00e1buas. Precursor directo do moderno jogo do Gam\u00e3o, pretendia ser um instrumento did\u00e1ctico para familiarizar os jovens com as virtudes e correspondentes v\u00edcios.\u00a0<\/li>\n<li><a class=\"link-externo\" href=\"https:\/\/www.publico.pt\/2018\/09\/10\/ciencia\/ensaio\/o-tratado-das-drogas-de-cristovao-da-costa-uma-janela-para-a-natureza-da-asia-1842489\" target=\"_blank\" rel=\"noopener\">&#8220;O Tratado das Drogas, uma janela para a natureza da \u00c1sia&#8221;<\/a>, de\u00a0<a href=\"http:\/\/ciuhct.org\/membros\/anteriores\/teresa-nobre-de-carvalho\" target=\"_blank\" rel=\"noopener\">Teresa Nobre de Carvalho<\/a>, aflora os escritos (e\u00a0desenhos) de Cristov\u00e3o da Costa, m\u00e9dico e naturalista portugu\u00eas que, tal como os seus coevos Garcia de Orta e Tom\u00e9 Pires, marcou o saber bot\u00e2nico na Europa quinhentista.<\/li>\n<li><a class=\"link-externo\" href=\"https:\/\/www.publico.pt\/2018\/09\/17\/ciencia\/ensaio\/o-jesuita-que-mudou-a-fisica-e-a-engenharia-em-portugal-1843898\" target=\"_blank\" rel=\"noopener\">&#8220;O jesu\u00edta que mudou a F\u00edsica e a Engenharia em Portugal&#8221;<\/a>, de\u00a0<a href=\"http:\/\/ciuhct.org\/membros\/anteriores\/nuno-castel-branco\" target=\"_blank\" rel=\"noopener\">Nuno Castel-Branco<\/a>, jovem doutorando, redescobre a vis\u00e3o matem\u00e1tica e mec\u00e2nica do mundo no Portugal seiscentista, com aten\u00e7\u00e3o \u00e0s sebentas do curso do flamengo Hendrick Uwens (1618-1667) na Aula da Esfera do Col\u00e9gio de Santo Ant\u00e3o.<\/li>\n<li>&#8220;<a class=\"link-externo\" href=\"https:\/\/www.publico.pt\/2018\/09\/24\/ciencia\/ensaio\/pedro-nunes-e-a-distancia-de-lisboa-a-india-1844698\" target=\"_blank\" rel=\"noopener\">Pedro Nunes e a dist\u00e2ncia de Lisboa \u00e0 \u00cdndia&#8221;<\/a>, de\u00a0<a href=\"http:\/\/ciuhct.org\/membros\/joaquim-alves-gaspar\" target=\"_blank\" rel=\"noopener\">Joaquim Alves Gaspar<\/a>, situa-nos na controv\u00e9rsia que envolve Lopo Homem e Pedro Nunes, quando da chegada do segundo a cosm\u00f3grafo-mor do reino, (1547), em torno de erros presentes no\u00a0<em>Padr\u00e3o del Rei, o\u00a0<\/em>padr\u00e3o cartogr\u00e1fico oficial.<\/li>\n<li><a class=\"link-externo\" href=\"https:\/\/www.publico.pt\/2018\/10\/01\/ciencia\/ensaio\/a-danca-dos-planetas-segundo-teodoro-de-almeida-1845463\" target=\"_blank\" rel=\"noopener\">&#8220;A dan\u00e7a dos planetas segundo Teodoro de Almeida&#8221;<\/a>, de\u00a0<a href=\"http:\/\/ciuhct.org\/membros\/luis-tirapicos\" target=\"_blank\" rel=\"noopener\">Lu\u00eds Tirapicos<\/a>, tra\u00e7a a hist\u00f3ria do invulgar planet\u00e1rio mec\u00e2nico constru\u00eddo pelo\u00a0padre oratoriano Teodoro de Almeida (1722-1804), do qual se preservou uma r\u00e9plica, redescoberta em 2009 no r\u00e9s-do-ch\u00e3o do Observat\u00f3rio da antiga Escola Polit\u00e9cnica.<\/li>\n<li><a href=\"https:\/\/www.publico.pt\/2018\/10\/08\/ciencia\/ensaio\/um-jesuita-portugues-no-laboratorio-da-madame-curie-1846112\" target=\"_blank\" rel=\"noopener\">&#8220;Um jesu\u00edta portugu\u00eas no laborat\u00f3rio da Madame Curie&#8221;<\/a>, de\u00a0<a href=\"http:\/\/ciuhct.org\/membros\/francisco-malta-romeiras\" target=\"_blank\" rel=\"noopener\">Francisco Malta Romeiras<\/a>, destaca a liga\u00e7\u00e3o do padre jesu\u00edta\u00a0Ant\u00f3nio de Oliveira Pinto (1868-1933) aos estudos ent\u00e3o emergentes em\u00a0radiologia e ioniza\u00e7\u00e3o, que o conduziu \u00e0 realiza\u00e7\u00e3o das primeiras an\u00e1lises de radioactividade de \u00e1guas mineiras portuguesas.<\/li>\n<li><a class=\"link-externo\" href=\"http:\/\/www.publico.pt\/2018\/10\/15\/ciencia\/ensaio\/longitude-um-problema-cientifico-e-tecnologico-1847011\" target=\"_blank\" rel=\"noopener\">&#8220;Longitude: um problema cient\u00edfico e tecnol\u00f3gico&#8221;<\/a>, de\u00a0<a href=\"http:\/\/ciuhct.org\/membros\/goncalo-dias\" target=\"_blank\" rel=\"noopener\">Gon\u00e7alo Dias<\/a>, ilustra as v\u00e1rias abordagens \u00e0 medi\u00e7\u00e3o da longitude nas viagens mar\u00edtimas, que persistiu por resolver at\u00e9 ao\u00a0s\u00e9culo XVIII \u2014 um problema cient\u00edfico\u00a0cujos intervenientes s\u00e3o t\u00e9cnicos e artes\u00e3os de &#8220;baixa condi\u00e7\u00e3o social e cient\u00edfica&#8221;.<\/li>\n<li><a class=\"link-externo\" href=\"http:\/\/www.publico.pt\/2018\/10\/22\/ciencia\/ensaio\/o-mapa-de-fernao-de-magalhaes-1847981\" target=\"_blank\" rel=\"noopener\">&#8220;O mapa de Fern\u00e3o de Magalh\u00e3es&#8221;<\/a>, de\u00a0<a class=\"link-externo\" href=\"http:\/\/ciuhct.org\/membros\/joaquim-alves-gaspar\" target=\"_blank\" rel=\"noopener\">Joaquim Alves Gaspar<\/a>,\u00a0fala-nos do papel da cartografia, as suas verdades cient\u00edficas e deturpa\u00e7\u00f5es estrat\u00e9gicas, na c\u00e9lebre proposta de circum-navega\u00e7\u00e3o apresentada por Fern\u00e3o de Magalh\u00e3es ao rei Carlos I.<\/li>\n<li><a class=\"link-externo\" href=\"https:\/\/www.publico.pt\/2018\/10\/29\/ciencia\/noticia\/pedro-nunes-voltas-linha-rumo-1849067\" target=\"_blank\" rel=\"noopener\">&#8220;Pedro Nunes e as voltas da linha de rumo&#8221;<\/a>, de\u00a0<a href=\"http:\/\/ciuhct.org\/membros\/henrique-leitao\" target=\"_blank\" rel=\"noopener\">Henrique Leit\u00e3o<\/a>,\u00a0retoma\u00a0uma das principais novidades do trabalho do matem\u00e1tico,\u00a0a proposta de uma \u201clinha de rumo\u201d, mais tarde \u201ccurva loxodr\u00f3mica\u201d. Tra\u00e7a-se a recep\u00e7\u00e3o da proposta, de 1537, o seu efeito na reputa\u00e7\u00e3o de Pedro Nunes, e a sua adop\u00e7\u00e3o generalizada \u2014\u00a0desde logo,\u00a0a conhecida projec\u00e7\u00e3o de Mercator, apresentada em 1569, \u00e9 constru\u00edda a partir das linhas de rumo.<\/li>\n<\/ol>\n<p>A colabora\u00e7\u00e3o, inicialmente calendarizada para durar at\u00e9 Setembro, concluiu a 29 de Outubro.<\/p>\n<\/div>\n<ul>\n<li><a href=\"https:\/\/www.publico.pt\/historias-da-ciencia\" target=\"_blank\" rel=\"noopener\">Sec\u00e7\u00e3o no website do jornal P\u00daBLICO<\/a><\/li>\n<li><a href=\"https:\/\/amqnunes.wixsite.com\/medea-chart-pt\" target=\"_blank\" rel=\"noopener\">Medea-Chart | As Cartas N\u00e1uticas Medievais e Renascentistas: origem, uso e evolu\u00e7\u00e3o<\/a><\/li>\n<li class=\"more-content\">Fonte:\u00a0<a href=\"http:\/\/ciuhct.org\/divulgacao\/noticias\/inicio-da-serie-de-artigos-medea-chart-no-publico\" target=\"_blank\" rel=\"noopener\">CIUHCT &#8211; Centro Interuniversit\u00e1rio de Hist\u00f3ria das Ci\u00eancias e da Tecnologia<\/a><\/li>\n<\/ul>\n<p>&nbsp;<\/p>\n","protected":false},"excerpt":{"rendered":"<p>Desde 4 de Junho de 2018, o Jornal P\u00fablico come\u00e7ou a publicar, \u00e0s segundas-feiras, uma s\u00e9rie de artigos dedicados \u00e0 hist\u00f3ria da ci\u00eancia. A organiza\u00e7\u00e3o da s\u00e9rie est\u00e1 a cargo dos investigadores do projecto\u00a0Medea&#46;&#46;&#46;<\/p>\n","protected":false},"author":1,"featured_media":15080,"comment_status":"open","ping_status":"open","sticky":false,"template":"","format":"standard","meta":{"_jetpack_memberships_contains_paid_content":false,"footnotes":""},"categories":[4,5],"tags":[440],"series":[],"class_list":["post-15062","post","type-post","status-publish","format-standard","has-post-thumbnail","hentry","category-ciencia-e-tecnologia","category-divulgacao","tag-historia-da-ciencia"],"views":1320,"jetpack_featured_media_url":"https:\/\/www.acasinhadamatematica.pt\/wp-content\/uploads\/2018\/10\/HC_b.png","jetpack_sharing_enabled":true,"jetpack_likes_enabled":true,"_links":{"self":[{"href":"https:\/\/www.acasinhadamatematica.pt\/index.php?rest_route=\/wp\/v2\/posts\/15062","targetHints":{"allow":["GET"]}}],"collection":[{"href":"https:\/\/www.acasinhadamatematica.pt\/index.php?rest_route=\/wp\/v2\/posts"}],"about":[{"href":"https:\/\/www.acasinhadamatematica.pt\/index.php?rest_route=\/wp\/v2\/types\/post"}],"author":[{"embeddable":true,"href":"https:\/\/www.acasinhadamatematica.pt\/index.php?rest_route=\/wp\/v2\/users\/1"}],"replies":[{"embeddable":true,"href":"https:\/\/www.acasinhadamatematica.pt\/index.php?rest_route=%2Fwp%2Fv2%2Fcomments&post=15062"}],"version-history":[{"count":0,"href":"https:\/\/www.acasinhadamatematica.pt\/index.php?rest_route=\/wp\/v2\/posts\/15062\/revisions"}],"wp:featuredmedia":[{"embeddable":true,"href":"https:\/\/www.acasinhadamatematica.pt\/index.php?rest_route=\/wp\/v2\/media\/15080"}],"wp:attachment":[{"href":"https:\/\/www.acasinhadamatematica.pt\/index.php?rest_route=%2Fwp%2Fv2%2Fmedia&parent=15062"}],"wp:term":[{"taxonomy":"category","embeddable":true,"href":"https:\/\/www.acasinhadamatematica.pt\/index.php?rest_route=%2Fwp%2Fv2%2Fcategories&post=15062"},{"taxonomy":"post_tag","embeddable":true,"href":"https:\/\/www.acasinhadamatematica.pt\/index.php?rest_route=%2Fwp%2Fv2%2Ftags&post=15062"},{"taxonomy":"series","embeddable":true,"href":"https:\/\/www.acasinhadamatematica.pt\/index.php?rest_route=%2Fwp%2Fv2%2Fseries&post=15062"}],"curies":[{"name":"wp","href":"https:\/\/api.w.org\/{rel}","templated":true}]}}