{"id":13649,"date":"2018-02-13T20:00:31","date_gmt":"2018-02-13T20:00:31","guid":{"rendered":"https:\/\/www.acasinhadamatematica.pt\/?p=13649"},"modified":"2022-09-13T21:01:25","modified_gmt":"2022-09-13T20:01:25","slug":"einstein-et-la-relativite-generale-une-histoire-singuliere","status":"publish","type":"post","link":"https:\/\/www.acasinhadamatematica.pt\/?p=13649","title":{"rendered":"Einstein et la Relativit\u00e9 G\u00e9n\u00e9rale, une histoire singuli\u00e8re"},"content":{"rendered":"<p><a href=\"https:\/\/www.acasinhadamatematica.pt\/wp-content\/uploads\/2018\/02\/Einstein_UmaHistSingular.jpg\"><img loading=\"lazy\" decoding=\"async\" data-attachment-id=\"13651\" data-permalink=\"https:\/\/www.acasinhadamatematica.pt\/?attachment_id=13651\" data-orig-file=\"https:\/\/www.acasinhadamatematica.pt\/wp-content\/uploads\/2018\/02\/Einstein_UmaHistSingular.jpg\" data-orig-size=\"761,1000\" data-comments-opened=\"1\" data-image-meta=\"{&quot;aperture&quot;:&quot;0&quot;,&quot;credit&quot;:&quot;&quot;,&quot;camera&quot;:&quot;&quot;,&quot;caption&quot;:&quot;&quot;,&quot;created_timestamp&quot;:&quot;0&quot;,&quot;copyright&quot;:&quot;&quot;,&quot;focal_length&quot;:&quot;0&quot;,&quot;iso&quot;:&quot;0&quot;,&quot;shutter_speed&quot;:&quot;0&quot;,&quot;title&quot;:&quot;&quot;,&quot;orientation&quot;:&quot;0&quot;}\" data-image-title=\"Einstein: uma hist\u00f3ria singular\" data-image-description=\"\" data-image-caption=\"\" data-large-file=\"https:\/\/www.acasinhadamatematica.pt\/wp-content\/uploads\/2018\/02\/Einstein_UmaHistSingular.jpg\" class=\"alignright size-medium wp-image-13651\" src=\"https:\/\/www.acasinhadamatematica.pt\/wp-content\/uploads\/2018\/02\/Einstein_UmaHistSingular-228x300.jpg\" alt=\"\" width=\"228\" height=\"300\" srcset=\"https:\/\/www.acasinhadamatematica.pt\/wp-content\/uploads\/2018\/02\/Einstein_UmaHistSingular-228x300.jpg 228w, https:\/\/www.acasinhadamatematica.pt\/wp-content\/uploads\/2018\/02\/Einstein_UmaHistSingular.jpg 761w\" sizes=\"auto, (max-width: 228px) 100vw, 228px\" \/><\/a>La th\u00e9orie de la <a href=\"https:\/\/pt.wikipedia.org\/wiki\/Relatividade_geral\" target=\"_blank\" rel=\"noopener\">Relativit\u00e9 G\u00e9n\u00e9rale<\/a> d\u2019<a href=\"https:\/\/pt.wikipedia.org\/wiki\/Albert_Einstein\" target=\"_blank\" rel=\"noopener\">Albert Einstein<\/a> a r\u00e9volutionn\u00e9 notre conception de la gravitation, de l\u2019espace et du temps. D\u2019abord encens\u00e9e, puis oubli\u00e9e, et red\u00e9couverte, l\u2019histoire de cette th\u00e9orie centenaire a marqu\u00e9 l\u2019histoire scientifique du XX\u00e8me si\u00e8cle. D\u00e8s sa naissance, surgit un probl\u00e8me math\u00e9matique qui aurait pu tuer la th\u00e9orie dans l\u2019oeuf : <a href=\"https:\/\/fr.wikipedia.org\/wiki\/Singularit%C3%A9_de_Schwarzschild\" target=\"_blank\" rel=\"noopener\">la singularit\u00e9 de Schwarzschild<\/a>.<\/p>\n<p>Accompagn\u00e9 par des grands physiciens relativistes internationaux, le film nous emm\u00e8ne \u00e0 la d\u00e9couverte de cette th\u00e9orie au destin singulier. Nous d\u00e9couvrons un univers \u00ab courbe \u00bb et finalement bien plus \u00e9trange qu\u2019Einstein lui-m\u00eame n\u2019osait l\u2019imaginer, et dont certains astres comme les trous noirs d\u00e9fient encore les scientifiques aujourd\u2019hui\u2026<\/p>\n<ul style=\"list-style-type: square;\">\n<li>Fonte:\u00a0<a href=\"http:\/\/www.ihp.fr\/fr\/production-films\/2015\" target=\"_blank\" rel=\"noopener\">Institut Henri Poincar\u00e9 (IHP)<\/a><\/li>\n<li><a href=\"https:\/\/www.nebuleuseprod.com\/\" target=\"_blank\" rel=\"noopener\">N\u00c9BULEUSE PRODUCTIONS &#8211; Les films de Quentin Lazzarotto<\/a><\/li>\n<\/ul>\n\n\n<div style=\"height:30px\" aria-hidden=\"true\" class=\"wp-block-spacer\"><\/div>\n\n\n\n<style>.embed-container { position: relative; padding-bottom: 56.25%; height: 0; overflow: hidden; max-width: 100%; } .embed-container iframe, .embed-container object, .embed-container embed { position: absolute; top: 0; left: 0; width: 100%; height: 100%; }<\/style><div class=\"embed-container\"><iframe src=\"https:\/\/www.youtube.com\/embed\/gTV_9t4cb0k\" frameborder=\"0\" allowfullscreen=\"\"><\/iframe><\/div>\n","protected":false},"excerpt":{"rendered":"<p>La th\u00e9orie de la Relativit\u00e9 G\u00e9n\u00e9rale d\u2019Albert Einstein a r\u00e9volutionn\u00e9 notre conception de la gravitation, de l\u2019espace et du temps. D\u2019abord encens\u00e9e, puis oubli\u00e9e, et red\u00e9couverte, l\u2019histoire de cette th\u00e9orie centenaire a marqu\u00e9 l\u2019histoire&#46;&#46;&#46;<\/p>\n","protected":false},"author":1,"featured_media":13650,"comment_status":"open","ping_status":"open","sticky":false,"template":"","format":"standard","meta":{"_jetpack_memberships_contains_paid_content":false,"footnotes":""},"categories":[411,4,3,7],"tags":[41,13,476,200],"series":[],"class_list":["post-13649","post","type-post","status-publish","format-standard","has-post-thumbnail","hentry","category-astronomia","category-ciencia-e-tecnologia","category-matematica","category-video","tag-albert-einstein","tag-documentario","tag-quentin-lazzarotto","tag-video-2"],"views":2856,"jetpack_featured_media_url":"https:\/\/www.acasinhadamatematica.pt\/wp-content\/uploads\/2018\/02\/Einstein_HistSingular2.jpg","jetpack_sharing_enabled":true,"jetpack_likes_enabled":true,"_links":{"self":[{"href":"https:\/\/www.acasinhadamatematica.pt\/index.php?rest_route=\/wp\/v2\/posts\/13649","targetHints":{"allow":["GET"]}}],"collection":[{"href":"https:\/\/www.acasinhadamatematica.pt\/index.php?rest_route=\/wp\/v2\/posts"}],"about":[{"href":"https:\/\/www.acasinhadamatematica.pt\/index.php?rest_route=\/wp\/v2\/types\/post"}],"author":[{"embeddable":true,"href":"https:\/\/www.acasinhadamatematica.pt\/index.php?rest_route=\/wp\/v2\/users\/1"}],"replies":[{"embeddable":true,"href":"https:\/\/www.acasinhadamatematica.pt\/index.php?rest_route=%2Fwp%2Fv2%2Fcomments&post=13649"}],"version-history":[{"count":0,"href":"https:\/\/www.acasinhadamatematica.pt\/index.php?rest_route=\/wp\/v2\/posts\/13649\/revisions"}],"wp:featuredmedia":[{"embeddable":true,"href":"https:\/\/www.acasinhadamatematica.pt\/index.php?rest_route=\/wp\/v2\/media\/13650"}],"wp:attachment":[{"href":"https:\/\/www.acasinhadamatematica.pt\/index.php?rest_route=%2Fwp%2Fv2%2Fmedia&parent=13649"}],"wp:term":[{"taxonomy":"category","embeddable":true,"href":"https:\/\/www.acasinhadamatematica.pt\/index.php?rest_route=%2Fwp%2Fv2%2Fcategories&post=13649"},{"taxonomy":"post_tag","embeddable":true,"href":"https:\/\/www.acasinhadamatematica.pt\/index.php?rest_route=%2Fwp%2Fv2%2Ftags&post=13649"},{"taxonomy":"series","embeddable":true,"href":"https:\/\/www.acasinhadamatematica.pt\/index.php?rest_route=%2Fwp%2Fv2%2Fseries&post=13649"}],"curies":[{"name":"wp","href":"https:\/\/api.w.org\/{rel}","templated":true}]}}