{"id":11474,"date":"2012-11-19T01:11:24","date_gmt":"2012-11-19T01:11:24","guid":{"rendered":"https:\/\/www.acasinhadamatematica.pt\/?p=11474"},"modified":"2022-01-03T00:12:10","modified_gmt":"2022-01-03T00:12:10","slug":"verdadeiro-ou-falso-3","status":"publish","type":"post","link":"https:\/\/www.acasinhadamatematica.pt\/?p=11474","title":{"rendered":"Verdadeiro ou falso?"},"content":{"rendered":"<p><ul id='GTTabs_ul_11474' class='GTTabs' style='display:none'>\n<li id='GTTabs_li_0_11474' class='GTTabs_curr'><a  id=\"11474_0\" onMouseOver=\"GTTabsShowLinks('Enunciado'); return true;\"  onMouseOut=\"GTTabsShowLinks();\"  class='GTTabsLinks'>Enunciado<\/a><\/li>\n<li id='GTTabs_li_1_11474' ><a  id=\"11474_1\" onMouseOver=\"GTTabsShowLinks('Resolu\u00e7\u00e3o'); return true;\"  onMouseOut=\"GTTabsShowLinks();\"  class='GTTabsLinks'>Resolu\u00e7\u00e3o<\/a><\/li>\n<\/ul>\n\n<div class='GTTabs_divs GTTabs_curr_div' id='GTTabs_0_11474'>\n<span class='GTTabs_titles'><b>Enunciado<\/b><\/span><\/p>\n<p>Verdadeiro ou falso? Corrige as falsas.<\/p>\n<ol style=\"list-style-type: upper-alpha;\">\n<li>$2$ \u00e9 a raiz quadrada de $4$.<\/li>\n<li>A raiz quadrada de um n\u00famero natural \u00e9 sempre um n\u00famero natural.<\/li>\n<li>A raiz quadrada de $10$ \u00e9 $5$.<\/li>\n<li>A raiz c\u00fabica de um n\u00famero natural \u00e9 sempre um n\u00famero natural.<\/li>\n<li>A raiz c\u00fabica de $27$ \u00e9 $3$.<\/li>\n<li>O quadrado de um n\u00famero \u00edmpar \u00e9 par.<\/li>\n<li>O cubo de um n\u00famero \u00edmpar \u00e9 \u00edmpar.<\/li>\n<\/ol>\n<p><div class='GTTabsNavigation' style='display:none'><span class='GTTabs_nav_next'><a href='#GTTabs_ul_11474' onClick='GTTabs_show(1,11474)'>Resolu\u00e7\u00e3o &gt;&gt;<\/a><\/span><\/div><\/div>\n\n<div class='GTTabs_divs' id='GTTabs_1_11474'>\n<span class='GTTabs_titles'><b>Resolu\u00e7\u00e3o<\/b><\/span><!--more--><\/p>\n<ol style=\"list-style-type: upper-alpha;\">\n<li>$2$ \u00e9 a raiz quadrada de $4$.<br \/>\nA afirma\u00e7\u00e3o \u00e9 verdadeira.<br \/>\n\u00ad<\/li>\n<li>A raiz quadrada de um n\u00famero natural \u00e9 sempre um n\u00famero natural.<br \/>\nA afirma\u00e7\u00e3o \u00e9 falsa. &#8220;A raiz quadrada de um n\u00famero natural nem sempre \u00e9 um n\u00famero natural.&#8221;<br \/>\n\u00ad<\/li>\n<li>A raiz quadrada de $10$ \u00e9 $5$.<br \/>\nA afirma\u00e7\u00e3o \u00e9 falsa. &#8220;A raiz quadrada de $25$ \u00e9 $5$.&#8221;<br \/>\n\u00ad<\/li>\n<li>A raiz c\u00fabica de um n\u00famero natural \u00e9 sempre um n\u00famero natural.<br \/>\nA afirma\u00e7\u00e3o \u00e9 falsa. &#8220;A raiz c\u00fabica de um n\u00famero natural nem sempre \u00e9 um n\u00famero natural.&#8221;<br \/>\n\u00ad<\/li>\n<li>A raiz c\u00fabica de $27$ \u00e9 $3$.<br \/>\nA afirma\u00e7\u00e3o \u00e9 verdadeira.<br \/>\n\u00ad<\/li>\n<li>O quadrado de um n\u00famero \u00edmpar \u00e9 par.<br \/>\nA afirma\u00e7\u00e3o \u00e9 falsa. &#8220;O quadrado de um n\u00famero \u00edmpar \u00e9 \u00edmpar.&#8221;<br \/>\n\u00ad<\/li>\n<li>O cubo de um n\u00famero \u00edmpar \u00e9 \u00edmpar.<br \/>\nA afirma\u00e7\u00e3o \u00e9 verdadeira.<\/li>\n<\/ol>\n<div class='GTTabsNavigation' style='display:none'><span class='GTTabs_nav_prev'><a href='#GTTabs_ul_11474' onClick='GTTabs_show(0,11474)'>&lt;&lt; Enunciado<\/a><\/span><\/div><\/div>\n\n","protected":false},"excerpt":{"rendered":"<p>Enunciado Resolu\u00e7\u00e3o Enunciado Verdadeiro ou falso? Corrige as falsas. $2$ \u00e9 a raiz quadrada de $4$. A raiz quadrada de um n\u00famero natural \u00e9 sempre um n\u00famero natural. A raiz quadrada de $10$ \u00e9&#46;&#46;&#46;<\/p>\n","protected":false},"author":1,"featured_media":19269,"comment_status":"open","ping_status":"open","sticky":false,"template":"","format":"standard","meta":{"_jetpack_memberships_contains_paid_content":false,"footnotes":""},"categories":[317,97,318],"tags":[341,340,342,339],"series":[],"class_list":["post-11474","post","type-post","status-publish","format-standard","has-post-thumbnail","hentry","category-7-o-ano","category-aplicando","category-numeros-inteiros","tag-cubo-perfeito","tag-quadrado-perfeito","tag-raiz-cubica","tag-raiz-quadrada"],"views":6017,"jetpack_featured_media_url":"https:\/\/www.acasinhadamatematica.pt\/wp-content\/uploads\/2021\/12\/Mat90.png","jetpack_sharing_enabled":true,"jetpack_likes_enabled":true,"_links":{"self":[{"href":"https:\/\/www.acasinhadamatematica.pt\/index.php?rest_route=\/wp\/v2\/posts\/11474","targetHints":{"allow":["GET"]}}],"collection":[{"href":"https:\/\/www.acasinhadamatematica.pt\/index.php?rest_route=\/wp\/v2\/posts"}],"about":[{"href":"https:\/\/www.acasinhadamatematica.pt\/index.php?rest_route=\/wp\/v2\/types\/post"}],"author":[{"embeddable":true,"href":"https:\/\/www.acasinhadamatematica.pt\/index.php?rest_route=\/wp\/v2\/users\/1"}],"replies":[{"embeddable":true,"href":"https:\/\/www.acasinhadamatematica.pt\/index.php?rest_route=%2Fwp%2Fv2%2Fcomments&post=11474"}],"version-history":[{"count":0,"href":"https:\/\/www.acasinhadamatematica.pt\/index.php?rest_route=\/wp\/v2\/posts\/11474\/revisions"}],"wp:featuredmedia":[{"embeddable":true,"href":"https:\/\/www.acasinhadamatematica.pt\/index.php?rest_route=\/wp\/v2\/media\/19269"}],"wp:attachment":[{"href":"https:\/\/www.acasinhadamatematica.pt\/index.php?rest_route=%2Fwp%2Fv2%2Fmedia&parent=11474"}],"wp:term":[{"taxonomy":"category","embeddable":true,"href":"https:\/\/www.acasinhadamatematica.pt\/index.php?rest_route=%2Fwp%2Fv2%2Fcategories&post=11474"},{"taxonomy":"post_tag","embeddable":true,"href":"https:\/\/www.acasinhadamatematica.pt\/index.php?rest_route=%2Fwp%2Fv2%2Ftags&post=11474"},{"taxonomy":"series","embeddable":true,"href":"https:\/\/www.acasinhadamatematica.pt\/index.php?rest_route=%2Fwp%2Fv2%2Fseries&post=11474"}],"curies":[{"name":"wp","href":"https:\/\/api.w.org\/{rel}","templated":true}]}}