{"id":10751,"date":"2012-10-23T01:10:50","date_gmt":"2012-10-23T00:10:50","guid":{"rendered":"https:\/\/www.acasinhadamatematica.pt\/?p=10751"},"modified":"2022-01-20T17:33:46","modified_gmt":"2022-01-20T17:33:46","slug":"considere-o-cubo","status":"publish","type":"post","link":"https:\/\/www.acasinhadamatematica.pt\/?p=10751","title":{"rendered":"Considere o cubo"},"content":{"rendered":"<p><ul id='GTTabs_ul_10751' class='GTTabs' style='display:none'>\n<li id='GTTabs_li_0_10751' class='GTTabs_curr'><a  id=\"10751_0\" onMouseOver=\"GTTabsShowLinks('Enunciado'); return true;\"  onMouseOut=\"GTTabsShowLinks();\"  class='GTTabsLinks'>Enunciado<\/a><\/li>\n<li id='GTTabs_li_1_10751' ><a  id=\"10751_1\" onMouseOver=\"GTTabsShowLinks('Resolu\u00e7\u00e3o'); return true;\"  onMouseOut=\"GTTabsShowLinks();\"  class='GTTabsLinks'>Resolu\u00e7\u00e3o<\/a><\/li>\n<\/ul>\n\n<div class='GTTabs_divs GTTabs_curr_div' id='GTTabs_0_10751'>\n<span class='GTTabs_titles'><b>Enunciado<\/b><\/span><\/p>\n<div id=\"attachment_10728\" style=\"width: 255px\" class=\"wp-caption alignright\"><a href=\"https:\/\/www.acasinhadamatematica.pt\/wp-content\/uploads\/2012\/10\/cubo65.jpg\"><img loading=\"lazy\" decoding=\"async\" aria-describedby=\"caption-attachment-10728\" data-attachment-id=\"10728\" data-permalink=\"https:\/\/www.acasinhadamatematica.pt\/?attachment_id=10728\" data-orig-file=\"https:\/\/www.acasinhadamatematica.pt\/wp-content\/uploads\/2012\/10\/cubo65.jpg\" data-orig-size=\"306,300\" data-comments-opened=\"1\" data-image-meta=\"{&quot;aperture&quot;:&quot;0&quot;,&quot;credit&quot;:&quot;&quot;,&quot;camera&quot;:&quot;&quot;,&quot;caption&quot;:&quot;&quot;,&quot;created_timestamp&quot;:&quot;0&quot;,&quot;copyright&quot;:&quot;&quot;,&quot;focal_length&quot;:&quot;0&quot;,&quot;iso&quot;:&quot;0&quot;,&quot;shutter_speed&quot;:&quot;0&quot;,&quot;title&quot;:&quot;&quot;}\" data-image-title=\"Cubo\" data-image-description=\"\" data-image-caption=\"&lt;p&gt;Cubo&lt;\/p&gt;\n\" data-large-file=\"https:\/\/www.acasinhadamatematica.pt\/wp-content\/uploads\/2012\/10\/cubo65.jpg\" class=\" wp-image-10728 \" title=\"Cubo\" src=\"https:\/\/www.acasinhadamatematica.pt\/wp-content\/uploads\/2012\/10\/cubo65.jpg\" alt=\"\" width=\"245\" height=\"240\" srcset=\"https:\/\/www.acasinhadamatematica.pt\/wp-content\/uploads\/2012\/10\/cubo65.jpg 306w, https:\/\/www.acasinhadamatematica.pt\/wp-content\/uploads\/2012\/10\/cubo65-300x294.jpg 300w, https:\/\/www.acasinhadamatematica.pt\/wp-content\/uploads\/2012\/10\/cubo65-150x147.jpg 150w\" sizes=\"auto, (max-width: 245px) 100vw, 245px\" \/><\/a><p id=\"caption-attachment-10728\" class=\"wp-caption-text\">Cubo<\/p><\/div>\n<p>Considere o cubo [ABCDEFGH] representado na figura.<\/p>\n<ol>\n<li>Diga se s\u00e3o paralelos ou secantes e defina com precis\u00e3o a intersec\u00e7\u00e3o:\n<p>a) da reta CE com o plano ABF;<br \/>\nb) da reta BE com o plano ADG;<br \/>\nc) da reta EH com o plano ADG;<br \/>\nd) da reta DH com o plano ACG.<\/p>\n<\/li>\n<li>Seja I o ponto m\u00e9dio do segmento [BC].\n<p>a) Construa a intersec\u00e7\u00e3o da reta EI com o plano ABG.<br \/>\nb) Construa a intersec\u00e7\u00e3o dos planos DEI e ABG.<br \/>\nc) Indique duas retas perpendiculares a AD. As retas EC e AG s\u00e3o perpendiculares?<br \/>\nd) Utilizando duas cores, represente os planos BDH e AEG. Estes dois planos intersectam o plano BCE segundo duas retas. Fa\u00e7a\u00a0uma figura, representando no plano BCE o ret\u00e2ngulo [BCEF] e as duas retas.<br \/>\ne) Os planos BDH e AEG s\u00e3o secantes? S\u00e3o paralelos? As retas que cont\u00eam as diagonais faciais DB e FH s\u00e3o perpendiculares? Porqu\u00ea?<\/p>\n<\/li>\n<\/ol>\n<p><div class='GTTabsNavigation' style='display:none'><span class='GTTabs_nav_next'><a href='#GTTabs_ul_10751' onClick='GTTabs_show(1,10751)'>Resolu\u00e7\u00e3o &gt;&gt;<\/a><\/span><\/div><\/div>\n\n<div class='GTTabs_divs' id='GTTabs_1_10751'>\n<span class='GTTabs_titles'><b>Resolu\u00e7\u00e3o<\/b><\/span><!--more--><\/p>\n<ol>\n<li>\n<div id=\"attachment_10756\" style=\"width: 322px\" class=\"wp-caption alignright\"><a href=\"https:\/\/www.acasinhadamatematica.pt\/wp-content\/uploads\/2012\/10\/cubo65-b.png\"><img loading=\"lazy\" decoding=\"async\" aria-describedby=\"caption-attachment-10756\" data-attachment-id=\"10756\" data-permalink=\"https:\/\/www.acasinhadamatematica.pt\/?attachment_id=10756\" data-orig-file=\"https:\/\/www.acasinhadamatematica.pt\/wp-content\/uploads\/2012\/10\/cubo65-b.png\" data-orig-size=\"488,462\" data-comments-opened=\"1\" data-image-meta=\"{&quot;aperture&quot;:&quot;0&quot;,&quot;credit&quot;:&quot;&quot;,&quot;camera&quot;:&quot;&quot;,&quot;caption&quot;:&quot;&quot;,&quot;created_timestamp&quot;:&quot;0&quot;,&quot;copyright&quot;:&quot;&quot;,&quot;focal_length&quot;:&quot;0&quot;,&quot;iso&quot;:&quot;0&quot;,&quot;shutter_speed&quot;:&quot;0&quot;,&quot;title&quot;:&quot;&quot;}\" data-image-title=\"Cubo\" data-image-description=\"\" data-image-caption=\"&lt;p&gt;Intersec\u00e7\u00e3o da reta EI com o plano ABG&lt;\/p&gt;\n\" data-large-file=\"https:\/\/www.acasinhadamatematica.pt\/wp-content\/uploads\/2012\/10\/cubo65-b.png\" class=\" wp-image-10756  \" title=\"Cubo\" src=\"https:\/\/www.acasinhadamatematica.pt\/wp-content\/uploads\/2012\/10\/cubo65-b.png\" alt=\"\" width=\"312\" height=\"296\" srcset=\"https:\/\/www.acasinhadamatematica.pt\/wp-content\/uploads\/2012\/10\/cubo65-b.png 488w, https:\/\/www.acasinhadamatematica.pt\/wp-content\/uploads\/2012\/10\/cubo65-b-300x284.png 300w, https:\/\/www.acasinhadamatematica.pt\/wp-content\/uploads\/2012\/10\/cubo65-b-150x142.png 150w, https:\/\/www.acasinhadamatematica.pt\/wp-content\/uploads\/2012\/10\/cubo65-b-400x378.png 400w\" sizes=\"auto, (max-width: 312px) 100vw, 312px\" \/><\/a><p id=\"caption-attachment-10756\" class=\"wp-caption-text\">Intersec\u00e7\u00e3o da reta EI com o plano ABG<\/p><\/div>\n<p>a) A reta CE \u00e9 paralela ao plano ABF.<\/p>\n<p>b) A reta BE interseta o plano ADG no centro do cubo.<\/p>\n<p>c) A reta EH interseta o plano ADG no ponto H.<\/p>\n<p>d) A reta DH \u00e9 paralela ao plano ACG (pois \u00e9 paralela \u00e0 reta AG, contida no plano ACG).<\/p>\n<\/li>\n<li>a) A intersec\u00e7\u00e3o da reta EI com o plano ABG \u00e9 o ponto P.\n<p><strong>Justifica\u00e7\u00e3o<\/strong>:<br \/>\nA intersec\u00e7\u00e3o dos planos ABG e EFB \u00e9 a reta FB.<br \/>\nOra, a reta EI pertence ao plano EFB.<br \/>\nLogo, o ponto P pertence aos dois planos considerados e, consequentemente, \u00e9 a intersec\u00e7\u00e3o da reta EI com o plano ABG.<\/p>\n<p>b) A intersec\u00e7\u00e3o dos planos DEI e ABG \u00e9 a reta $t$ (paralela a DE).<\/p>\n<p><strong>Justifica\u00e7\u00e3o<\/strong>:<br \/>\nA intersec\u00e7\u00e3o das retas DI e AB do plano ABD \u00e9 o ponto Q.<br \/>\nComo a reta DI pertence ao plano DEI, ent\u00e3o o ponto Q \u00e9 tamb\u00e9m um ponto deste plano.<br \/>\nComo os planos ABG e CDE s\u00e3o paralelos, ent\u00e3o o plano DEI interseta-os segundo retas paralelas: as retas DE e $t$\u00a0 (a qual cont\u00e9m o ponto Q).<\/p>\n<div id=\"attachment_10763\" style=\"width: 487px\" class=\"wp-caption aligncenter\"><a href=\"https:\/\/www.acasinhadamatematica.pt\/wp-content\/uploads\/2012\/10\/cubo65-c.png\"><img loading=\"lazy\" decoding=\"async\" aria-describedby=\"caption-attachment-10763\" data-attachment-id=\"10763\" data-permalink=\"https:\/\/www.acasinhadamatematica.pt\/?attachment_id=10763\" data-orig-file=\"https:\/\/www.acasinhadamatematica.pt\/wp-content\/uploads\/2012\/10\/cubo65-c.png\" data-orig-size=\"745,432\" data-comments-opened=\"1\" data-image-meta=\"{&quot;aperture&quot;:&quot;0&quot;,&quot;credit&quot;:&quot;&quot;,&quot;camera&quot;:&quot;&quot;,&quot;caption&quot;:&quot;&quot;,&quot;created_timestamp&quot;:&quot;0&quot;,&quot;copyright&quot;:&quot;&quot;,&quot;focal_length&quot;:&quot;0&quot;,&quot;iso&quot;:&quot;0&quot;,&quot;shutter_speed&quot;:&quot;0&quot;,&quot;title&quot;:&quot;&quot;}\" data-image-title=\"Cubo\" data-image-description=\"\" data-image-caption=\"\" data-large-file=\"https:\/\/www.acasinhadamatematica.pt\/wp-content\/uploads\/2012\/10\/cubo65-c.png\" class=\" wp-image-10763\" title=\"Cubo\" src=\"https:\/\/www.acasinhadamatematica.pt\/wp-content\/uploads\/2012\/10\/cubo65-c.png\" alt=\"\" width=\"477\" height=\"277\" srcset=\"https:\/\/www.acasinhadamatematica.pt\/wp-content\/uploads\/2012\/10\/cubo65-c.png 745w, https:\/\/www.acasinhadamatematica.pt\/wp-content\/uploads\/2012\/10\/cubo65-c-300x173.png 300w, https:\/\/www.acasinhadamatematica.pt\/wp-content\/uploads\/2012\/10\/cubo65-c-150x86.png 150w, https:\/\/www.acasinhadamatematica.pt\/wp-content\/uploads\/2012\/10\/cubo65-c-400x231.png 400w\" sizes=\"auto, (max-width: 477px) 100vw, 477px\" \/><\/a><p id=\"caption-attachment-10763\" class=\"wp-caption-text\">A reta t \u00e9 a intersec\u00e7\u00e3o dos planos DEI e ABG<\/p><\/div>\n<div id=\"attachment_10775\" style=\"width: 267px\" class=\"wp-caption alignright\"><a href=\"https:\/\/www.acasinhadamatematica.pt\/wp-content\/uploads\/2012\/10\/cubo65-d.jpg\"><img loading=\"lazy\" decoding=\"async\" aria-describedby=\"caption-attachment-10775\" data-attachment-id=\"10775\" data-permalink=\"https:\/\/www.acasinhadamatematica.pt\/?attachment_id=10775\" data-orig-file=\"https:\/\/www.acasinhadamatematica.pt\/wp-content\/uploads\/2012\/10\/cubo65-d.jpg\" data-orig-size=\"401,383\" data-comments-opened=\"1\" data-image-meta=\"{&quot;aperture&quot;:&quot;0&quot;,&quot;credit&quot;:&quot;&quot;,&quot;camera&quot;:&quot;&quot;,&quot;caption&quot;:&quot;&quot;,&quot;created_timestamp&quot;:&quot;0&quot;,&quot;copyright&quot;:&quot;&quot;,&quot;focal_length&quot;:&quot;0&quot;,&quot;iso&quot;:&quot;0&quot;,&quot;shutter_speed&quot;:&quot;0&quot;,&quot;title&quot;:&quot;&quot;}\" data-image-title=\"Cubo\" data-image-description=\"\" data-image-caption=\"\" data-large-file=\"https:\/\/www.acasinhadamatematica.pt\/wp-content\/uploads\/2012\/10\/cubo65-d.jpg\" class=\" wp-image-10775\" title=\"Cubo\" src=\"https:\/\/www.acasinhadamatematica.pt\/wp-content\/uploads\/2012\/10\/cubo65-d.jpg\" alt=\"\" width=\"257\" height=\"245\" srcset=\"https:\/\/www.acasinhadamatematica.pt\/wp-content\/uploads\/2012\/10\/cubo65-d.jpg 401w, https:\/\/www.acasinhadamatematica.pt\/wp-content\/uploads\/2012\/10\/cubo65-d-300x286.jpg 300w, https:\/\/www.acasinhadamatematica.pt\/wp-content\/uploads\/2012\/10\/cubo65-d-150x143.jpg 150w, https:\/\/www.acasinhadamatematica.pt\/wp-content\/uploads\/2012\/10\/cubo65-d-400x382.jpg 400w\" sizes=\"auto, (max-width: 257px) 100vw, 257px\" \/><\/a><p id=\"caption-attachment-10775\" class=\"wp-caption-text\">Representa\u00e7\u00e3o dos planos BDH e AEG<\/p><\/div>\n<p>c) Duas retas perpendiculares a AD s\u00e3o: AB e DH (por exemplo).<br \/>\nAs retas EC e AG s\u00e3o perpendiculares n\u00e3o complanares.<\/p>\n<p>d)\u00a0\u00a0O plano BDH (verde alface) interseta o plano BCE (verde escuro) na reta BJ.<br \/>\nO plano AEG (azul) interseta o plano BCE na reta EK.<br \/>\nAs retas BJ e\u00a0EK s\u00e3o paralelas.<\/p>\n<p>e)\u00a0N\u00e3o, os planos BDH e AEG n\u00e3o s\u00e3o secantes, pois s\u00e3o estritamente paralelos.<br \/>\nAs diagonais DB e FH s\u00e3o n\u00e3o complanares e perpendiculares, pois, se no plano FGH, tra\u00e7armos uma paralela a DB, obtemos EG, perpendicular a FH.<\/p>\n<\/li>\n<\/ol>\n<div class='GTTabsNavigation' style='display:none'><span class='GTTabs_nav_prev'><a href='#GTTabs_ul_10751' onClick='GTTabs_show(0,10751)'>&lt;&lt; Enunciado<\/a><\/span><\/div><\/div>\n\n","protected":false},"excerpt":{"rendered":"<p>Enunciado Resolu\u00e7\u00e3o Enunciado Considere o cubo [ABCDEFGH] representado na figura. Diga se s\u00e3o paralelos ou secantes e defina com precis\u00e3o a intersec\u00e7\u00e3o: a) da reta CE com o plano ABF; b) da reta BE&#46;&#46;&#46;<\/p>\n","protected":false},"author":1,"featured_media":20752,"comment_status":"open","ping_status":"open","sticky":false,"template":"","format":"standard","meta":{"_jetpack_memberships_contains_paid_content":false,"footnotes":""},"categories":[321,97,334],"tags":[429,67,333],"series":[],"class_list":["post-10751","post","type-post","status-publish","format-standard","has-post-thumbnail","hentry","category-10-o-ano","category-aplicando","category-resolucao-de-problemas-de-geometria-no-plano-e-no-espaco","tag-10-o-ano","tag-geometria","tag-seccoes"],"views":3449,"jetpack_featured_media_url":"https:\/\/www.acasinhadamatematica.pt\/wp-content\/uploads\/2012\/10\/10V1Pag056-2_520x245.png","jetpack_sharing_enabled":true,"jetpack_likes_enabled":true,"_links":{"self":[{"href":"https:\/\/www.acasinhadamatematica.pt\/index.php?rest_route=\/wp\/v2\/posts\/10751","targetHints":{"allow":["GET"]}}],"collection":[{"href":"https:\/\/www.acasinhadamatematica.pt\/index.php?rest_route=\/wp\/v2\/posts"}],"about":[{"href":"https:\/\/www.acasinhadamatematica.pt\/index.php?rest_route=\/wp\/v2\/types\/post"}],"author":[{"embeddable":true,"href":"https:\/\/www.acasinhadamatematica.pt\/index.php?rest_route=\/wp\/v2\/users\/1"}],"replies":[{"embeddable":true,"href":"https:\/\/www.acasinhadamatematica.pt\/index.php?rest_route=%2Fwp%2Fv2%2Fcomments&post=10751"}],"version-history":[{"count":0,"href":"https:\/\/www.acasinhadamatematica.pt\/index.php?rest_route=\/wp\/v2\/posts\/10751\/revisions"}],"wp:featuredmedia":[{"embeddable":true,"href":"https:\/\/www.acasinhadamatematica.pt\/index.php?rest_route=\/wp\/v2\/media\/20752"}],"wp:attachment":[{"href":"https:\/\/www.acasinhadamatematica.pt\/index.php?rest_route=%2Fwp%2Fv2%2Fmedia&parent=10751"}],"wp:term":[{"taxonomy":"category","embeddable":true,"href":"https:\/\/www.acasinhadamatematica.pt\/index.php?rest_route=%2Fwp%2Fv2%2Fcategories&post=10751"},{"taxonomy":"post_tag","embeddable":true,"href":"https:\/\/www.acasinhadamatematica.pt\/index.php?rest_route=%2Fwp%2Fv2%2Ftags&post=10751"},{"taxonomy":"series","embeddable":true,"href":"https:\/\/www.acasinhadamatematica.pt\/index.php?rest_route=%2Fwp%2Fv2%2Fseries&post=10751"}],"curies":[{"name":"wp","href":"https:\/\/api.w.org\/{rel}","templated":true}]}}